{"id":7416,"date":"2025-09-23T18:00:12","date_gmt":"2025-09-23T22:00:12","guid":{"rendered":"https:\/\/amororaima.com.br\/?p=7416"},"modified":"2025-09-23T18:00:12","modified_gmt":"2025-09-23T22:00:12","slug":"venezuelano-e-assassinado-com-tiros-no-torax-proximo-a-posto-de-triagem-da-operacao-acolhida-em-boa-vista","status":"publish","type":"post","link":"https:\/\/amororaima.com.br\/index.php\/2025\/09\/23\/venezuelano-e-assassinado-com-tiros-no-torax-proximo-a-posto-de-triagem-da-operacao-acolhida-em-boa-vista\/","title":{"rendered":"Venezuelano \u00e9 assassinado com tiros no t\u00f3rax pr\u00f3ximo a posto de triagem da Opera\u00e7\u00e3o Acolhida em Boa Vista"},"content":{"rendered":"\n<p>O venezuelano Eriberto Jos\u00e9 Hilarraza Agreda, de 38 anos, foi assassinado a tiros na noite desta segunda-feira (22), em Boa Vista. Ele estava nas imedia\u00e7\u00f5es do Posto de Triagem da Opera\u00e7\u00e3o Acolhida, no bairro 13 de Setembro, onde pretendia buscar atendimento na manh\u00e3 seguinte. A v\u00edtima foi atingida no t\u00f3rax.<\/p>\n\n\n\n<p>A Pol\u00edcia Militar foi acionada e, ao chegar ao local, encontrou a v\u00edtima ca\u00edda no ch\u00e3o. Testemunhas disseram que viram um homem fugindo ap\u00f3s os disparos, mas ningu\u00e9m foi preso. O corpo foi encaminhado ao Instituto M\u00e9dico Legal (IML), e o caso est\u00e1 sob investiga\u00e7\u00e3o da Delegacia Geral de Homic\u00eddios (DGH).<\/p>\n\n\n\n<p>A Opera\u00e7\u00e3o Acolhida, respons\u00e1vel por atender migrantes e refugiados em Roraima, afirmou que est\u00e1 colaborando com as investiga\u00e7\u00f5es e lamentou a morte. A for\u00e7a-tarefa refor\u00e7ou que n\u00e3o \u00e9 necess\u00e1rio chegar com anteced\u00eancia ao local para garantir atendimento e que medidas adicionais de prote\u00e7\u00e3o foram implementadas.<\/p>\n","protected":false},"excerpt":{"rendered":"<p>O venezuelano Eriberto Jos\u00e9 Hilarraza Agreda, de 38 anos, foi assassinado a tiros na noite desta segunda-feira (22), em Boa Vista. Ele estava nas imedia\u00e7\u00f5es do Posto de Triagem da Opera\u00e7\u00e3o Acolhida, no bairro 13 de Setembro, onde pretendia buscar atendimento na manh\u00e3 seguinte. A v\u00edtima foi atingida no t\u00f3rax. A Pol\u00edcia Militar foi acionada [&hellip;]<\/p>\n","protected":false},"author":123458,"featured_media":7249,"comment_status":"closed","ping_status":"closed","sticky":false,"template":"","format":"standard","meta":{"footnotes":""},"categories":[34,20],"tags":[1328,2279,3511,195,135,472,196,3510],"class_list":["post-7416","post","type-post","status-publish","format-standard","has-post-thumbnail","hentry","category-policia","category-roraima","tag-assassinato","tag-bairro-13-de-setembro","tag-batalhao-de-choque","tag-dgh","tag-iml","tag-operacao-acolhida","tag-policia-militar-2","tag-posto-de-triagem"],"_links":{"self":[{"href":"https:\/\/amororaima.com.br\/index.php\/wp-json\/wp\/v2\/posts\/7416","targetHints":{"allow":["GET"]}}],"collection":[{"href":"https:\/\/amororaima.com.br\/index.php\/wp-json\/wp\/v2\/posts"}],"about":[{"href":"https:\/\/amororaima.com.br\/index.php\/wp-json\/wp\/v2\/types\/post"}],"author":[{"embeddable":true,"href":"https:\/\/amororaima.com.br\/index.php\/wp-json\/wp\/v2\/users\/123458"}],"replies":[{"embeddable":true,"href":"https:\/\/amororaima.com.br\/index.php\/wp-json\/wp\/v2\/comments?post=7416"}],"version-history":[{"count":1,"href":"https:\/\/amororaima.com.br\/index.php\/wp-json\/wp\/v2\/posts\/7416\/revisions"}],"predecessor-version":[{"id":7417,"href":"https:\/\/amororaima.com.br\/index.php\/wp-json\/wp\/v2\/posts\/7416\/revisions\/7417"}],"wp:featuredmedia":[{"embeddable":true,"href":"https:\/\/amororaima.com.br\/index.php\/wp-json\/wp\/v2\/media\/7249"}],"wp:attachment":[{"href":"https:\/\/amororaima.com.br\/index.php\/wp-json\/wp\/v2\/media?parent=7416"}],"wp:term":[{"taxonomy":"category","embeddable":true,"href":"https:\/\/amororaima.com.br\/index.php\/wp-json\/wp\/v2\/categories?post=7416"},{"taxonomy":"post_tag","embeddable":true,"href":"https:\/\/amororaima.com.br\/index.php\/wp-json\/wp\/v2\/tags?post=7416"}],"curies":[{"name":"wp","href":"https:\/\/api.w.org\/{rel}","templated":true}]}}