{"id":7376,"date":"2025-09-21T08:00:00","date_gmt":"2025-09-21T12:00:00","guid":{"rendered":"https:\/\/amororaima.com.br\/?p=7376"},"modified":"2025-09-19T23:45:48","modified_gmt":"2025-09-20T03:45:48","slug":"edital-do-ministerio-da-saude-inclui-roraima-entre-prioridades-para-formacao-de-especialistas","status":"publish","type":"post","link":"https:\/\/amororaima.com.br\/index.php\/2025\/09\/21\/edital-do-ministerio-da-saude-inclui-roraima-entre-prioridades-para-formacao-de-especialistas\/","title":{"rendered":"Edital do Minist\u00e9rio da Sa\u00fade inclui Roraima entre prioridades para forma\u00e7\u00e3o de especialistas"},"content":{"rendered":"\n<p>O Minist\u00e9rio da Sa\u00fade abriu dois editais para forma\u00e7\u00e3o de quatro mil especialistas, com prioridade para Roraima e outros estados da Amaz\u00f4nia Legal. O an\u00fancio foi feito na quinta-feira (18), e as inscri\u00e7\u00f5es para institui\u00e7\u00f5es interessadas seguem at\u00e9 20 de outubro, pelo <a href=\"https:\/\/sigresidencias.saude.gov.br\/login\" target=\"_blank\" rel=\"noreferrer noopener\"><strong>sistema SIG-Resid\u00eancias<\/strong><\/a>.<\/p>\n\n\n\n<p>A iniciativa visa reduzir as desigualdades regionais no acesso \u00e0 sa\u00fade, por meio da amplia\u00e7\u00e3o da oferta de profissionais especializados no Sistema \u00danico de Sa\u00fade (SUS).<\/p>\n\n\n\n<p>O investimento previsto para 2025 \u00e9 de R$ 1,8 bilh\u00e3o, dentro do programa Pr\u00f3\u2011Resid\u00eancia. Est\u00e3o previstas 3 mil bolsas para resid\u00eancia m\u00e9dica e mil para programas multiprofissionais, com foco em \u00e1reas de alta demanda como sa\u00fade da mulher e sa\u00fade mental.<\/p>\n\n\n\n<p>\u201cEssa \u00e9 uma iniciativa fundamental dentro do programa Agora Tem Especialistas\u201d, disse o secret\u00e1rio Felipe Proen\u00e7o.<\/p>\n\n\n\n<p>Al\u00e9m de criar programas, as institui\u00e7\u00f5es de Roraima que j\u00e1 possuem resid\u00eancias tamb\u00e9m podem receber bolsas adicionais, desde que ampliem o n\u00famero de vagas com aprova\u00e7\u00e3o da Comiss\u00e3o Nacional de Resid\u00eancia M\u00e9dica.<\/p>\n","protected":false},"excerpt":{"rendered":"<p>O Minist\u00e9rio da Sa\u00fade abriu dois editais para forma\u00e7\u00e3o de quatro mil especialistas, com prioridade para Roraima e outros estados da Amaz\u00f4nia Legal. O an\u00fancio foi feito na quinta-feira (18), e as inscri\u00e7\u00f5es para institui\u00e7\u00f5es interessadas seguem at\u00e9 20 de outubro, pelo sistema SIG-Resid\u00eancias. A iniciativa visa reduzir as desigualdades regionais no acesso \u00e0 sa\u00fade, [&hellip;]<\/p>\n","protected":false},"author":123458,"featured_media":7377,"comment_status":"closed","ping_status":"closed","sticky":false,"template":"","format":"standard","meta":{"footnotes":""},"categories":[20,27],"tags":[3231,3233,3479,3476,3480,128,3475,3477,3478,3474,1208],"class_list":["post-7376","post","type-post","status-publish","format-standard","has-post-thumbnail","hentry","category-roraima","category-saude","tag-agora-tem-especialistas","tag-anestesiologia","tag-atencao-a-saude-da-mulher","tag-cirurgia-oncologica","tag-enfermagem-obstetrica","tag-ministerio-da-saude","tag-pro-residencia","tag-radiologia","tag-saude-mental","tag-sig-residencias","tag-sus"],"_links":{"self":[{"href":"https:\/\/amororaima.com.br\/index.php\/wp-json\/wp\/v2\/posts\/7376","targetHints":{"allow":["GET"]}}],"collection":[{"href":"https:\/\/amororaima.com.br\/index.php\/wp-json\/wp\/v2\/posts"}],"about":[{"href":"https:\/\/amororaima.com.br\/index.php\/wp-json\/wp\/v2\/types\/post"}],"author":[{"embeddable":true,"href":"https:\/\/amororaima.com.br\/index.php\/wp-json\/wp\/v2\/users\/123458"}],"replies":[{"embeddable":true,"href":"https:\/\/amororaima.com.br\/index.php\/wp-json\/wp\/v2\/comments?post=7376"}],"version-history":[{"count":1,"href":"https:\/\/amororaima.com.br\/index.php\/wp-json\/wp\/v2\/posts\/7376\/revisions"}],"predecessor-version":[{"id":7378,"href":"https:\/\/amororaima.com.br\/index.php\/wp-json\/wp\/v2\/posts\/7376\/revisions\/7378"}],"wp:featuredmedia":[{"embeddable":true,"href":"https:\/\/amororaima.com.br\/index.php\/wp-json\/wp\/v2\/media\/7377"}],"wp:attachment":[{"href":"https:\/\/amororaima.com.br\/index.php\/wp-json\/wp\/v2\/media?parent=7376"}],"wp:term":[{"taxonomy":"category","embeddable":true,"href":"https:\/\/amororaima.com.br\/index.php\/wp-json\/wp\/v2\/categories?post=7376"},{"taxonomy":"post_tag","embeddable":true,"href":"https:\/\/amororaima.com.br\/index.php\/wp-json\/wp\/v2\/tags?post=7376"}],"curies":[{"name":"wp","href":"https:\/\/api.w.org\/{rel}","templated":true}]}}