{"id":7147,"date":"2025-09-07T06:00:00","date_gmt":"2025-09-07T10:00:00","guid":{"rendered":"https:\/\/amororaima.com.br\/?p=7147"},"modified":"2025-09-08T10:29:49","modified_gmt":"2025-09-08T14:29:49","slug":"reabertura-do-bosque-dos-papagaios-tem-atividades-voltadas-para-o-publico-infantil","status":"publish","type":"post","link":"https:\/\/amororaima.com.br\/index.php\/2025\/09\/07\/reabertura-do-bosque-dos-papagaios-tem-atividades-voltadas-para-o-publico-infantil\/","title":{"rendered":"Reabertura do Bosque dos Papagaios tem atividades voltadas para o p\u00fablico infantil"},"content":{"rendered":"\n<p>O Bosque dos Papagaios foi reaberto na sexta-feira (5) com uma programa\u00e7\u00e3o especial voltada \u00e0s crian\u00e7as, refor\u00e7ando o compromisso de Boa Vista como capital da Primeira Inf\u00e2ncia. A trilha do parque ganhou pintura l\u00fadica e interativa, tornando-se mais acess\u00edvel e atrativa para os pequenos visitantes.<\/p>\n\n\n\n<p>Entre as melhorias realizadas est\u00e3o a reforma da trilha, a cria\u00e7\u00e3o de novos recintos para animais silvestres, incluindo veados e uma anta, al\u00e9m da instala\u00e7\u00e3o de infraestrutura h\u00eddrica com hidrantes e po\u00e7o artesiano.<\/p>\n\n\n\n<p>A aluna Alexa Daciel, de 9 anos, participou da programa\u00e7\u00e3o e destacou o encantamento com os animais. \u201cA capivara \u00e9 linda, encantadora e muito fofinha\u201d, disse.<\/p>\n\n\n\n<p>Com mais de 600 esp\u00e9cies de \u00e1rvores e diversos animais silvestres, o bosque \u00e9 um dos principais pontos tur\u00edsticos de Boa Vista. O espa\u00e7o funciona de ter\u00e7a a domingo, das 8h \u00e0s 18h durante a semana, e das 8h \u00e0s 12h e das 14h \u00e0s 18h aos fins de semana. O local n\u00e3o abre \u00e0s segundas-feiras, feriados ou pontos facultativos.<\/p>\n","protected":false},"excerpt":{"rendered":"<p>O Bosque dos Papagaios foi reaberto na sexta-feira (5) com uma programa\u00e7\u00e3o especial voltada \u00e0s crian\u00e7as, refor\u00e7ando o compromisso de Boa Vista como capital da Primeira Inf\u00e2ncia. A trilha do parque ganhou pintura l\u00fadica e interativa, tornando-se mais acess\u00edvel e atrativa para os pequenos visitantes. Entre as melhorias realizadas est\u00e3o a reforma da trilha, a [&hellip;]<\/p>\n","protected":false},"author":123458,"featured_media":7148,"comment_status":"closed","ping_status":"closed","sticky":false,"template":"","format":"standard","meta":{"footnotes":""},"categories":[28,20],"tags":[3329,3328,222,3330,2275],"class_list":["post-7147","post","type-post","status-publish","format-standard","has-post-thumbnail","hentry","category-geral","category-roraima","tag-animais-silvestres","tag-bosque-dos-papagaios","tag-prefeitura-de-boa-vista","tag-reformas-estruturais","tag-secretaria-de-meio-ambiente"],"_links":{"self":[{"href":"https:\/\/amororaima.com.br\/index.php\/wp-json\/wp\/v2\/posts\/7147","targetHints":{"allow":["GET"]}}],"collection":[{"href":"https:\/\/amororaima.com.br\/index.php\/wp-json\/wp\/v2\/posts"}],"about":[{"href":"https:\/\/amororaima.com.br\/index.php\/wp-json\/wp\/v2\/types\/post"}],"author":[{"embeddable":true,"href":"https:\/\/amororaima.com.br\/index.php\/wp-json\/wp\/v2\/users\/123458"}],"replies":[{"embeddable":true,"href":"https:\/\/amororaima.com.br\/index.php\/wp-json\/wp\/v2\/comments?post=7147"}],"version-history":[{"count":1,"href":"https:\/\/amororaima.com.br\/index.php\/wp-json\/wp\/v2\/posts\/7147\/revisions"}],"predecessor-version":[{"id":7149,"href":"https:\/\/amororaima.com.br\/index.php\/wp-json\/wp\/v2\/posts\/7147\/revisions\/7149"}],"wp:featuredmedia":[{"embeddable":true,"href":"https:\/\/amororaima.com.br\/index.php\/wp-json\/wp\/v2\/media\/7148"}],"wp:attachment":[{"href":"https:\/\/amororaima.com.br\/index.php\/wp-json\/wp\/v2\/media?parent=7147"}],"wp:term":[{"taxonomy":"category","embeddable":true,"href":"https:\/\/amororaima.com.br\/index.php\/wp-json\/wp\/v2\/categories?post=7147"},{"taxonomy":"post_tag","embeddable":true,"href":"https:\/\/amororaima.com.br\/index.php\/wp-json\/wp\/v2\/tags?post=7147"}],"curies":[{"name":"wp","href":"https:\/\/api.w.org\/{rel}","templated":true}]}}