{"id":7035,"date":"2025-08-31T08:00:00","date_gmt":"2025-08-31T12:00:00","guid":{"rendered":"https:\/\/amororaima.com.br\/?p=7035"},"modified":"2025-08-30T12:00:48","modified_gmt":"2025-08-30T16:00:48","slug":"com-aumento-de-solicitacoes-prf-orienta-sobre-restricoes-de-uso-das-rodovias-para-eventos-em-roraima","status":"publish","type":"post","link":"https:\/\/amororaima.com.br\/index.php\/2025\/08\/31\/com-aumento-de-solicitacoes-prf-orienta-sobre-restricoes-de-uso-das-rodovias-para-eventos-em-roraima\/","title":{"rendered":"Com aumento de solicita\u00e7\u00f5es, PRF orienta sobre restri\u00e7\u00f5es de uso das rodovias para eventos em Roraima"},"content":{"rendered":"\n<p>Em 2025, a Pol\u00edcia Rodovi\u00e1ria Federal em Roraima (PRF\/RR) identificou crescimento no n\u00famero de solicita\u00e7\u00f5es para o uso das rodovias federais em a\u00e7\u00f5es p\u00fablicas, o que levou o \u00f3rg\u00e3o a refor\u00e7ar alertas sobre os riscos envolvidos e as exig\u00eancias legais para esse tipo de iniciativa.<\/p>\n\n\n\n<p>A realiza\u00e7\u00e3o de mobiliza\u00e7\u00f5es em \u00e1reas de tr\u00e1fego intenso, mesmo que parcial ou apenas \u00e0s margens das rodovias, compromete a seguran\u00e7a dos envolvidos e pode impactar diretamente o tr\u00e2nsito. A combina\u00e7\u00e3o entre presen\u00e7a de pedestres, fluxo de ve\u00edculos em alta velocidade e a inexist\u00eancia de rotas alternativas potencializa os riscos de acidentes.<\/p>\n\n\n\n<p>A PRF informa que qualquer a\u00e7\u00e3o que interfira na circula\u00e7\u00e3o precisa ser autorizada previamente, conforme previsto no C\u00f3digo de Tr\u00e2nsito Brasileiro (CTB). Caso contr\u00e1rio, os organizadores estar\u00e3o sujeitos a multas, apreens\u00f5es e, em caso de acidentes, poder\u00e3o ser responsabilizados criminalmente.<\/p>\n\n\n\n<p>Para solicitar autoriza\u00e7\u00e3o, \u00e9 necess\u00e1rio encaminhar o pedido com ao menos 30 dias de anteced\u00eancia e atender \u00e0s exig\u00eancias t\u00e9cnicas previstas em lei.<\/p>\n","protected":false},"excerpt":{"rendered":"<p>Em 2025, a Pol\u00edcia Rodovi\u00e1ria Federal em Roraima (PRF\/RR) identificou crescimento no n\u00famero de solicita\u00e7\u00f5es para o uso das rodovias federais em a\u00e7\u00f5es p\u00fablicas, o que levou o \u00f3rg\u00e3o a refor\u00e7ar alertas sobre os riscos envolvidos e as exig\u00eancias legais para esse tipo de iniciativa. A realiza\u00e7\u00e3o de mobiliza\u00e7\u00f5es em \u00e1reas de tr\u00e1fego intenso, mesmo [&hellip;]<\/p>\n","protected":false},"author":123458,"featured_media":7036,"comment_status":"closed","ping_status":"closed","sticky":false,"template":"","format":"standard","meta":{"footnotes":""},"categories":[28,20],"tags":[3260,3261,3257,1955,3258,114,3256,3259],"class_list":["post-7035","post","type-post","status-publish","format-standard","has-post-thumbnail","hentry","category-geral","category-roraima","tag-atividades-esportivas","tag-atividades-sociais","tag-autorizacao","tag-ctb","tag-eventos","tag-prf","tag-riscos","tag-rodovias"],"_links":{"self":[{"href":"https:\/\/amororaima.com.br\/index.php\/wp-json\/wp\/v2\/posts\/7035","targetHints":{"allow":["GET"]}}],"collection":[{"href":"https:\/\/amororaima.com.br\/index.php\/wp-json\/wp\/v2\/posts"}],"about":[{"href":"https:\/\/amororaima.com.br\/index.php\/wp-json\/wp\/v2\/types\/post"}],"author":[{"embeddable":true,"href":"https:\/\/amororaima.com.br\/index.php\/wp-json\/wp\/v2\/users\/123458"}],"replies":[{"embeddable":true,"href":"https:\/\/amororaima.com.br\/index.php\/wp-json\/wp\/v2\/comments?post=7035"}],"version-history":[{"count":1,"href":"https:\/\/amororaima.com.br\/index.php\/wp-json\/wp\/v2\/posts\/7035\/revisions"}],"predecessor-version":[{"id":7037,"href":"https:\/\/amororaima.com.br\/index.php\/wp-json\/wp\/v2\/posts\/7035\/revisions\/7037"}],"wp:featuredmedia":[{"embeddable":true,"href":"https:\/\/amororaima.com.br\/index.php\/wp-json\/wp\/v2\/media\/7036"}],"wp:attachment":[{"href":"https:\/\/amororaima.com.br\/index.php\/wp-json\/wp\/v2\/media?parent=7035"}],"wp:term":[{"taxonomy":"category","embeddable":true,"href":"https:\/\/amororaima.com.br\/index.php\/wp-json\/wp\/v2\/categories?post=7035"},{"taxonomy":"post_tag","embeddable":true,"href":"https:\/\/amororaima.com.br\/index.php\/wp-json\/wp\/v2\/tags?post=7035"}],"curies":[{"name":"wp","href":"https:\/\/api.w.org\/{rel}","templated":true}]}}