{"id":6999,"date":"2025-08-30T08:00:00","date_gmt":"2025-08-30T12:00:00","guid":{"rendered":"https:\/\/amororaima.com.br\/?p=6999"},"modified":"2025-08-27T22:56:22","modified_gmt":"2025-08-28T02:56:22","slug":"medicos-especialistas-reforcam-atendimento-no-sus-em-roraima-a-partir-de-setembro","status":"publish","type":"post","link":"https:\/\/amororaima.com.br\/index.php\/2025\/08\/30\/medicos-especialistas-reforcam-atendimento-no-sus-em-roraima-a-partir-de-setembro\/","title":{"rendered":"M\u00e9dicos especialistas refor\u00e7am atendimento no SUS em Roraima a partir de setembro"},"content":{"rendered":"\n<p>Roraima contar\u00e1 com 12 novos m\u00e9dicos especialistas a partir de setembro, conforme an\u00fancio do Minist\u00e9rio da Sa\u00fade. A iniciativa faz parte da primeira chamada do programa <em>Agora Tem Especialistas<\/em>, que selecionou 501 profissionais para atua\u00e7\u00e3o em unidades do Sistema \u00danico de Sa\u00fade (SUS) em todo o pa\u00eds.<\/p>\n\n\n\n<p>Os profissionais destinados ao Estado atuar\u00e3o em Boa Vista (11 m\u00e9dicos) e Rorain\u00f3polis (1), atendendo em hospitais, ambulat\u00f3rios e unidades de apoio diagn\u00f3stico. A proposta \u00e9 ampliar a oferta de servi\u00e7os como cirurgias, exames e atendimentos especializados.<\/p>\n\n\n\n<p>A Regi\u00e3o Norte como um todo receber\u00e1 66 m\u00e9dicos. A distribui\u00e7\u00e3o considerou crit\u00e9rios como vulnerabilidade social e sanit\u00e1ria, escassez de especialistas e capacidade da rede p\u00fablica de absorver os profissionais.<\/p>\n","protected":false},"excerpt":{"rendered":"<p>Roraima contar\u00e1 com 12 novos m\u00e9dicos especialistas a partir de setembro, conforme an\u00fancio do Minist\u00e9rio da Sa\u00fade. A iniciativa faz parte da primeira chamada do programa Agora Tem Especialistas, que selecionou 501 profissionais para atua\u00e7\u00e3o em unidades do Sistema \u00danico de Sa\u00fade (SUS) em todo o pa\u00eds. Os profissionais destinados ao Estado atuar\u00e3o em Boa [&hellip;]<\/p>\n","protected":false},"author":123458,"featured_media":7000,"comment_status":"closed","ping_status":"closed","sticky":false,"template":"","format":"standard","meta":{"footnotes":""},"categories":[19,20,27],"tags":[3231,3233,111,3232,3234,128,3235,227,1208],"class_list":["post-6999","post","type-post","status-publish","format-standard","has-post-thumbnail","hentry","category-brasil","category-roraima","category-saude","tag-agora-tem-especialistas","tag-anestesiologia","tag-boa-vista","tag-cirurgia-geral","tag-ginecologia","tag-ministerio-da-saude","tag-otorrinolaringologia","tag-rorainopolis","tag-sus"],"_links":{"self":[{"href":"https:\/\/amororaima.com.br\/index.php\/wp-json\/wp\/v2\/posts\/6999","targetHints":{"allow":["GET"]}}],"collection":[{"href":"https:\/\/amororaima.com.br\/index.php\/wp-json\/wp\/v2\/posts"}],"about":[{"href":"https:\/\/amororaima.com.br\/index.php\/wp-json\/wp\/v2\/types\/post"}],"author":[{"embeddable":true,"href":"https:\/\/amororaima.com.br\/index.php\/wp-json\/wp\/v2\/users\/123458"}],"replies":[{"embeddable":true,"href":"https:\/\/amororaima.com.br\/index.php\/wp-json\/wp\/v2\/comments?post=6999"}],"version-history":[{"count":2,"href":"https:\/\/amororaima.com.br\/index.php\/wp-json\/wp\/v2\/posts\/6999\/revisions"}],"predecessor-version":[{"id":7002,"href":"https:\/\/amororaima.com.br\/index.php\/wp-json\/wp\/v2\/posts\/6999\/revisions\/7002"}],"wp:featuredmedia":[{"embeddable":true,"href":"https:\/\/amororaima.com.br\/index.php\/wp-json\/wp\/v2\/media\/7000"}],"wp:attachment":[{"href":"https:\/\/amororaima.com.br\/index.php\/wp-json\/wp\/v2\/media?parent=6999"}],"wp:term":[{"taxonomy":"category","embeddable":true,"href":"https:\/\/amororaima.com.br\/index.php\/wp-json\/wp\/v2\/categories?post=6999"},{"taxonomy":"post_tag","embeddable":true,"href":"https:\/\/amororaima.com.br\/index.php\/wp-json\/wp\/v2\/tags?post=6999"}],"curies":[{"name":"wp","href":"https:\/\/api.w.org\/{rel}","templated":true}]}}