{"id":6969,"date":"2025-08-26T09:05:40","date_gmt":"2025-08-26T13:05:40","guid":{"rendered":"https:\/\/amororaima.com.br\/?p=6969"},"modified":"2025-08-26T09:06:16","modified_gmt":"2025-08-26T13:06:16","slug":"venezuelano-condenado-por-abusar-de-menor-em-roraima-e-localizado-e-preso-no-peru","status":"publish","type":"post","link":"https:\/\/amororaima.com.br\/index.php\/2025\/08\/26\/venezuelano-condenado-por-abusar-de-menor-em-roraima-e-localizado-e-preso-no-peru\/","title":{"rendered":"Venezuelano condenado por abusar de menor em Roraima \u00e9 localizado e preso no Peru"},"content":{"rendered":"\n<p>A Pol\u00edcia Federal do Brasil anunciou nesta segunda-feira (25) a pris\u00e3o de um venezuelano condenado por crimes sexuais contra menor de idade em Roraima. O foragido foi localizado no Peru, gra\u00e7as a uma opera\u00e7\u00e3o coordenada com autoridades daquele pa\u00eds e apoio da Interpol.<\/p>\n\n\n\n<p>A captura s\u00f3 foi poss\u00edvel ap\u00f3s o Ju\u00edzo de Alto Alegre solicitar a emiss\u00e3o de difus\u00e3o vermelha, ferramenta da Interpol que permite alertas internacionais sobre criminosos procurados.<\/p>\n\n\n\n<p>Em nota, a PF diz refor\u00e7ar o papel da coopera\u00e7\u00e3o internacional no combate ao crime.<\/p>\n\n\n\n<p>\u201cA Pol\u00edcia Federal reafirma seu compromisso de atuar de forma integrada com ag\u00eancias de seguran\u00e7a de outros pa\u00edses, visando \u00e0 responsabiliza\u00e7\u00e3o de indiv\u00edduos que atentam contra a vida, a dignidade humana e a seguran\u00e7a das fronteiras.&#8221;<\/p>\n","protected":false},"excerpt":{"rendered":"<p>A Pol\u00edcia Federal do Brasil anunciou nesta segunda-feira (25) a pris\u00e3o de um venezuelano condenado por crimes sexuais contra menor de idade em Roraima. O foragido foi localizado no Peru, gra\u00e7as a uma opera\u00e7\u00e3o coordenada com autoridades daquele pa\u00eds e apoio da Interpol. A captura s\u00f3 foi poss\u00edvel ap\u00f3s o Ju\u00edzo de Alto Alegre solicitar [&hellip;]<\/p>\n","protected":false},"author":123458,"featured_media":6970,"comment_status":"closed","ping_status":"closed","sticky":false,"template":"","format":"standard","meta":{"footnotes":""},"categories":[19,34,20],"tags":[202,1092,1977,1510,62,3201,3200,60,2032],"class_list":["post-6969","post","type-post","status-publish","format-standard","has-post-thumbnail","hentry","category-brasil","category-policia","category-roraima","tag-alto-alegre","tag-condenado","tag-crimes-sexuais","tag-interpol","tag-justica","tag-menor-de-idade","tag-peru","tag-pf","tag-venezuelano"],"_links":{"self":[{"href":"https:\/\/amororaima.com.br\/index.php\/wp-json\/wp\/v2\/posts\/6969","targetHints":{"allow":["GET"]}}],"collection":[{"href":"https:\/\/amororaima.com.br\/index.php\/wp-json\/wp\/v2\/posts"}],"about":[{"href":"https:\/\/amororaima.com.br\/index.php\/wp-json\/wp\/v2\/types\/post"}],"author":[{"embeddable":true,"href":"https:\/\/amororaima.com.br\/index.php\/wp-json\/wp\/v2\/users\/123458"}],"replies":[{"embeddable":true,"href":"https:\/\/amororaima.com.br\/index.php\/wp-json\/wp\/v2\/comments?post=6969"}],"version-history":[{"count":2,"href":"https:\/\/amororaima.com.br\/index.php\/wp-json\/wp\/v2\/posts\/6969\/revisions"}],"predecessor-version":[{"id":6972,"href":"https:\/\/amororaima.com.br\/index.php\/wp-json\/wp\/v2\/posts\/6969\/revisions\/6972"}],"wp:featuredmedia":[{"embeddable":true,"href":"https:\/\/amororaima.com.br\/index.php\/wp-json\/wp\/v2\/media\/6970"}],"wp:attachment":[{"href":"https:\/\/amororaima.com.br\/index.php\/wp-json\/wp\/v2\/media?parent=6969"}],"wp:term":[{"taxonomy":"category","embeddable":true,"href":"https:\/\/amororaima.com.br\/index.php\/wp-json\/wp\/v2\/categories?post=6969"},{"taxonomy":"post_tag","embeddable":true,"href":"https:\/\/amororaima.com.br\/index.php\/wp-json\/wp\/v2\/tags?post=6969"}],"curies":[{"name":"wp","href":"https:\/\/api.w.org\/{rel}","templated":true}]}}