{"id":6927,"date":"2025-08-23T06:00:00","date_gmt":"2025-08-23T10:00:00","guid":{"rendered":"https:\/\/amororaima.com.br\/?p=6927"},"modified":"2025-08-22T23:53:14","modified_gmt":"2025-08-23T03:53:14","slug":"prefeitura-intensifica-campanha-de-vacinacao-antirrabica-gratuita-a-partir-deste-sabado","status":"publish","type":"post","link":"https:\/\/amororaima.com.br\/index.php\/2025\/08\/23\/prefeitura-intensifica-campanha-de-vacinacao-antirrabica-gratuita-a-partir-deste-sabado\/","title":{"rendered":"Prefeitura intensifica campanha de vacina\u00e7\u00e3o antirr\u00e1bica gratuita a partir deste s\u00e1bado"},"content":{"rendered":"\n<p>A Prefeitura de Boa Vista realiza, a partir deste s\u00e1bado (23), a intensifica\u00e7\u00e3o da Campanha de Vacina\u00e7\u00e3o Antirr\u00e1bica Canina e Felina 2025. A a\u00e7\u00e3o se estende tamb\u00e9m aos dias 30 de agosto, 6 e 13 de setembro. O imunizante, gratuito, \u00e9 indicado para c\u00e3es e gatos com tr\u00eas meses de idade ou mais.<\/p>\n\n\n\n<p>A campanha ser\u00e1 conduzida pelas equipes da Vigil\u00e2ncia em Sa\u00fade e contar\u00e1 com pontos de vacina\u00e7\u00e3o em escolas municipais, pra\u00e7as, unidades b\u00e1sicas de sa\u00fade e locais volantes. A meta \u00e9 proteger a sa\u00fade dos animais e evitar a transmiss\u00e3o da raiva \u00e0 popula\u00e7\u00e3o.<\/p>\n\n\n\n<p>Nesta primeira etapa, ser\u00e3o 19 pontos de vacina\u00e7\u00e3o. Um deles \u00e9 a Escola Municipal Nova Cana\u00e3, que sediar\u00e1 a a\u00e7\u00e3o especial \u201cPrefeitura Com Voc\u00ea\u201d. A prefeitura orienta os tutores a colaborarem com a campanha levando seus pets de forma segura.<\/p>\n","protected":false},"excerpt":{"rendered":"<p>A Prefeitura de Boa Vista realiza, a partir deste s\u00e1bado (23), a intensifica\u00e7\u00e3o da Campanha de Vacina\u00e7\u00e3o Antirr\u00e1bica Canina e Felina 2025. A a\u00e7\u00e3o se estende tamb\u00e9m aos dias 30 de agosto, 6 e 13 de setembro. O imunizante, gratuito, \u00e9 indicado para c\u00e3es e gatos com tr\u00eas meses de idade ou mais. A campanha [&hellip;]<\/p>\n","protected":false},"author":123458,"featured_media":6919,"comment_status":"closed","ping_status":"closed","sticky":false,"template":"","format":"standard","meta":{"footnotes":""},"categories":[20,27],"tags":[3162,157,222,3163,1061,3164],"class_list":["post-6927","post","type-post","status-publish","format-standard","has-post-thumbnail","hentry","category-roraima","category-saude","tag-prefeitura-com-voce","tag-campanha","tag-prefeitura-de-boa-vista","tag-vacinacao-antirrabica","tag-vigilancia-em-saude","tag-zoonoses"],"_links":{"self":[{"href":"https:\/\/amororaima.com.br\/index.php\/wp-json\/wp\/v2\/posts\/6927","targetHints":{"allow":["GET"]}}],"collection":[{"href":"https:\/\/amororaima.com.br\/index.php\/wp-json\/wp\/v2\/posts"}],"about":[{"href":"https:\/\/amororaima.com.br\/index.php\/wp-json\/wp\/v2\/types\/post"}],"author":[{"embeddable":true,"href":"https:\/\/amororaima.com.br\/index.php\/wp-json\/wp\/v2\/users\/123458"}],"replies":[{"embeddable":true,"href":"https:\/\/amororaima.com.br\/index.php\/wp-json\/wp\/v2\/comments?post=6927"}],"version-history":[{"count":2,"href":"https:\/\/amororaima.com.br\/index.php\/wp-json\/wp\/v2\/posts\/6927\/revisions"}],"predecessor-version":[{"id":6929,"href":"https:\/\/amororaima.com.br\/index.php\/wp-json\/wp\/v2\/posts\/6927\/revisions\/6929"}],"wp:featuredmedia":[{"embeddable":true,"href":"https:\/\/amororaima.com.br\/index.php\/wp-json\/wp\/v2\/media\/6919"}],"wp:attachment":[{"href":"https:\/\/amororaima.com.br\/index.php\/wp-json\/wp\/v2\/media?parent=6927"}],"wp:term":[{"taxonomy":"category","embeddable":true,"href":"https:\/\/amororaima.com.br\/index.php\/wp-json\/wp\/v2\/categories?post=6927"},{"taxonomy":"post_tag","embeddable":true,"href":"https:\/\/amororaima.com.br\/index.php\/wp-json\/wp\/v2\/tags?post=6927"}],"curies":[{"name":"wp","href":"https:\/\/api.w.org\/{rel}","templated":true}]}}