{"id":6584,"date":"2025-08-03T14:26:03","date_gmt":"2025-08-03T18:26:03","guid":{"rendered":"https:\/\/amororaima.com.br\/?p=6584"},"modified":"2025-08-03T14:26:04","modified_gmt":"2025-08-03T18:26:04","slug":"policia-civil-de-roraima-aplica-pela-primeira-vez-lei-do-racismo-em-caso-de-homofobia","status":"publish","type":"post","link":"https:\/\/amororaima.com.br\/index.php\/2025\/08\/03\/policia-civil-de-roraima-aplica-pela-primeira-vez-lei-do-racismo-em-caso-de-homofobia\/","title":{"rendered":"Pol\u00edcia Civil de Roraima aplica pela primeira vez Lei do Racismo em caso de homofobia"},"content":{"rendered":"\n<p>A Pol\u00edcia Civil de Roraima aplicou pela primeira vez a Lei do Racismo (Lei 7.716\/1989) em um caso de homofobia. O indiciamento de uma mulher de 21 anos ocorreu ap\u00f3s ofensas homof\u00f3bicas contra um vizinho, de 26, registradas no bairro Vila Jardim, em Boa Vista.<\/p>\n\n\n\n<p>Conforme as investiga\u00e7\u00f5es conduzidas pelo delegado Lucian Junior Ferrari, do 3\u00ba DP, a mulher foi denunciada por insultar a v\u00edtima com express\u00f5es de \u00f3dio ligadas \u00e0 sua orienta\u00e7\u00e3o sexual. A frase \u201ctenho \u00f3dio de viado\u201d foi uma das evid\u00eancias consideradas.<\/p>\n\n\n\n<p>O indiciamento baseia-se no artigo 2\u00ba-A da Lei 7.716, de acordo com a decis\u00e3o do Supremo Tribunal Federal (STF) que, desde 2019, equipara crimes de homotransfobia ao racismo, at\u00e9 que o Congresso aprove legisla\u00e7\u00e3o espec\u00edfica sobre o tema.<\/p>\n\n\n\n<p>O Minist\u00e9rio P\u00fablico do Estado (MPRR) tamb\u00e9m apresentou den\u00fancia contra a acusada, que agora responder\u00e1 judicialmente.<\/p>\n\n\n\n<p>\u201cEste \u00e9 um avan\u00e7o jur\u00eddico e social significativo. Nenhum cidad\u00e3o deve ser hostilizado por sua identidade ou orienta\u00e7\u00e3o\u201d, disse o delegado.<\/p>\n","protected":false},"excerpt":{"rendered":"<p>A Pol\u00edcia Civil de Roraima aplicou pela primeira vez a Lei do Racismo (Lei 7.716\/1989) em um caso de homofobia. O indiciamento de uma mulher de 21 anos ocorreu ap\u00f3s ofensas homof\u00f3bicas contra um vizinho, de 26, registradas no bairro Vila Jardim, em Boa Vista. Conforme as investiga\u00e7\u00f5es conduzidas pelo delegado Lucian Junior Ferrari, do [&hellip;]<\/p>\n","protected":false},"author":123458,"featured_media":6585,"comment_status":"closed","ping_status":"closed","sticky":false,"template":"","format":"standard","meta":{"footnotes":""},"categories":[34,20],"tags":[515,111,2988,2987,368,2985,132,1352,53,2986],"class_list":["post-6584","post","type-post","status-publish","format-standard","has-post-thumbnail","hentry","category-policia","category-roraima","tag-3o-dp","tag-boa-vista","tag-homotransfobia","tag-lei-do-racismo","tag-mprr","tag-na-lei-7-716-1989","tag-pcrr","tag-poder-judiciario","tag-stf","tag-vila-jardim"],"_links":{"self":[{"href":"https:\/\/amororaima.com.br\/index.php\/wp-json\/wp\/v2\/posts\/6584","targetHints":{"allow":["GET"]}}],"collection":[{"href":"https:\/\/amororaima.com.br\/index.php\/wp-json\/wp\/v2\/posts"}],"about":[{"href":"https:\/\/amororaima.com.br\/index.php\/wp-json\/wp\/v2\/types\/post"}],"author":[{"embeddable":true,"href":"https:\/\/amororaima.com.br\/index.php\/wp-json\/wp\/v2\/users\/123458"}],"replies":[{"embeddable":true,"href":"https:\/\/amororaima.com.br\/index.php\/wp-json\/wp\/v2\/comments?post=6584"}],"version-history":[{"count":1,"href":"https:\/\/amororaima.com.br\/index.php\/wp-json\/wp\/v2\/posts\/6584\/revisions"}],"predecessor-version":[{"id":6586,"href":"https:\/\/amororaima.com.br\/index.php\/wp-json\/wp\/v2\/posts\/6584\/revisions\/6586"}],"wp:featuredmedia":[{"embeddable":true,"href":"https:\/\/amororaima.com.br\/index.php\/wp-json\/wp\/v2\/media\/6585"}],"wp:attachment":[{"href":"https:\/\/amororaima.com.br\/index.php\/wp-json\/wp\/v2\/media?parent=6584"}],"wp:term":[{"taxonomy":"category","embeddable":true,"href":"https:\/\/amororaima.com.br\/index.php\/wp-json\/wp\/v2\/categories?post=6584"},{"taxonomy":"post_tag","embeddable":true,"href":"https:\/\/amororaima.com.br\/index.php\/wp-json\/wp\/v2\/tags?post=6584"}],"curies":[{"name":"wp","href":"https:\/\/api.w.org\/{rel}","templated":true}]}}