{"id":6454,"date":"2025-07-27T08:00:00","date_gmt":"2025-07-27T12:00:00","guid":{"rendered":"https:\/\/amororaima.com.br\/?p=6454"},"modified":"2025-07-26T12:12:13","modified_gmt":"2025-07-26T16:12:13","slug":"nova-piscina-fortalece-preparacao-dos-bombeiros-e-tera-uso-social-em-roraima","status":"publish","type":"post","link":"https:\/\/amororaima.com.br\/index.php\/2025\/07\/27\/nova-piscina-fortalece-preparacao-dos-bombeiros-e-tera-uso-social-em-roraima\/","title":{"rendered":"Nova piscina fortalece prepara\u00e7\u00e3o dos bombeiros e ter\u00e1 uso social em Roraima"},"content":{"rendered":"\n<p>Foi inaugurada na quinta-feira (24), em Boa Vista, a primeira piscina semiol\u00edmpica do Corpo de Bombeiros de Roraima. A estrutura ser\u00e1 usada em treinamentos de resgate e salvamento aqu\u00e1tico, al\u00e9m de atender atividades sociais promovidas pela corpora\u00e7\u00e3o.<\/p>\n\n\n\n<p>A piscina tem 25 metros de extens\u00e3o e profundidade que chega a 5,7 metros. O espa\u00e7o faz parte de um investimento de R$ 1,4 milh\u00e3o, viabilizado por emenda parlamentar do senador Hiran Gon\u00e7alves com contrapartida do governo do Estado.<\/p>\n\n\n\n<p>De acordo com o subcomandante do CBMRR, coronel Gewrly Batista, o novo equipamento tamb\u00e9m beneficiar\u00e1 a popula\u00e7\u00e3o.<\/p>\n\n\n\n<p>\u201cTeremos aqui aulas de nata\u00e7\u00e3o para crian\u00e7as e atividades para idosos. \u00c9 um espa\u00e7o do Corpo de Bombeiros, mas tamb\u00e9m da sociedade\u201d, afirmou.<\/p>\n\n\n\n<p>O governador Antonio Denarium (PP) destacou o impacto positivo da obra.<\/p>\n\n\n\n<p>\u201cAntes, os bombeiros dependiam de locais externos para treinar. Agora, t\u00eam uma estrutura pr\u00f3pria, moderna e adequada.\u201d<\/p>\n\n\n\n<p>A infraestrutura conta ainda com uma casa de bombas, seis filtros e um po\u00e7o artesiano de 5,6 metros para abastecer os 850 mil litros da piscina.<\/p>\n","protected":false},"excerpt":{"rendered":"<p>Foi inaugurada na quinta-feira (24), em Boa Vista, a primeira piscina semiol\u00edmpica do Corpo de Bombeiros de Roraima. A estrutura ser\u00e1 usada em treinamentos de resgate e salvamento aqu\u00e1tico, al\u00e9m de atender atividades sociais promovidas pela corpora\u00e7\u00e3o. A piscina tem 25 metros de extens\u00e3o e profundidade que chega a 5,7 metros. O espa\u00e7o faz parte [&hellip;]<\/p>\n","protected":false},"author":123458,"featured_media":6455,"comment_status":"closed","ping_status":"closed","sticky":false,"template":"","format":"standard","meta":{"footnotes":""},"categories":[28,20],"tags":[2069,541,724,2879,2878],"class_list":["post-6454","post","type-post","status-publish","format-standard","has-post-thumbnail","hentry","category-geral","category-roraima","tag-capacitacao","tag-corpo-de-bombeiros","tag-governo-de-roraima","tag-piscina-semiolimpica","tag-salvamento"],"_links":{"self":[{"href":"https:\/\/amororaima.com.br\/index.php\/wp-json\/wp\/v2\/posts\/6454","targetHints":{"allow":["GET"]}}],"collection":[{"href":"https:\/\/amororaima.com.br\/index.php\/wp-json\/wp\/v2\/posts"}],"about":[{"href":"https:\/\/amororaima.com.br\/index.php\/wp-json\/wp\/v2\/types\/post"}],"author":[{"embeddable":true,"href":"https:\/\/amororaima.com.br\/index.php\/wp-json\/wp\/v2\/users\/123458"}],"replies":[{"embeddable":true,"href":"https:\/\/amororaima.com.br\/index.php\/wp-json\/wp\/v2\/comments?post=6454"}],"version-history":[{"count":1,"href":"https:\/\/amororaima.com.br\/index.php\/wp-json\/wp\/v2\/posts\/6454\/revisions"}],"predecessor-version":[{"id":6456,"href":"https:\/\/amororaima.com.br\/index.php\/wp-json\/wp\/v2\/posts\/6454\/revisions\/6456"}],"wp:featuredmedia":[{"embeddable":true,"href":"https:\/\/amororaima.com.br\/index.php\/wp-json\/wp\/v2\/media\/6455"}],"wp:attachment":[{"href":"https:\/\/amororaima.com.br\/index.php\/wp-json\/wp\/v2\/media?parent=6454"}],"wp:term":[{"taxonomy":"category","embeddable":true,"href":"https:\/\/amororaima.com.br\/index.php\/wp-json\/wp\/v2\/categories?post=6454"},{"taxonomy":"post_tag","embeddable":true,"href":"https:\/\/amororaima.com.br\/index.php\/wp-json\/wp\/v2\/tags?post=6454"}],"curies":[{"name":"wp","href":"https:\/\/api.w.org\/{rel}","templated":true}]}}