{"id":6313,"date":"2025-06-24T07:30:00","date_gmt":"2025-06-24T11:30:00","guid":{"rendered":"https:\/\/amororaima.com.br\/?p=6313"},"modified":"2025-06-23T20:49:02","modified_gmt":"2025-06-24T00:49:02","slug":"mp-aciona-justica-para-bloquear-bens-da-antiga-diretoria-da-unimed-e-proteger-consumidores-em-roraima","status":"publish","type":"post","link":"https:\/\/amororaima.com.br\/index.php\/2025\/06\/24\/mp-aciona-justica-para-bloquear-bens-da-antiga-diretoria-da-unimed-e-proteger-consumidores-em-roraima\/","title":{"rendered":"MP aciona Justi\u00e7a para bloquear bens da antiga diretoria da Unimed e proteger consumidores em Roraima"},"content":{"rendered":"\n<p>O Minist\u00e9rio P\u00fablico de Roraima (MPRR) refor\u00e7ou, nesta semana, o pedido de cumprimento da decis\u00e3o judicial que bloqueia os bens dos ex-membros da diretoria da Unimed Fama. O valor total \u00e9 de R$ 3,2 milh\u00f5es.<\/p>\n\n\n\n<p>O objetivo \u00e9 proteger os consumidores da operadora, que hoje enfrenta s\u00e9rias dificuldades financeiras e operacionais, incluindo a suspens\u00e3o de atendimentos hospitalares.<\/p>\n\n\n\n<p>\u201cA \u00fanica forma de minimizar essa situa\u00e7\u00e3o t\u00e3o grave \u00e9 formar um fundo com esses recursos bloqueados, para garantir o reembolso dos consumidores que est\u00e3o tendo que pagar seus pr\u00f3prios tratamentos\u201d, destacou o promotor Adriano \u00c1vila.<\/p>\n","protected":false},"excerpt":{"rendered":"<p>O Minist\u00e9rio P\u00fablico de Roraima (MPRR) refor\u00e7ou, nesta semana, o pedido de cumprimento da decis\u00e3o judicial que bloqueia os bens dos ex-membros da diretoria da Unimed Fama. O valor total \u00e9 de R$ 3,2 milh\u00f5es. O objetivo \u00e9 proteger os consumidores da operadora, que hoje enfrenta s\u00e9rias dificuldades financeiras e operacionais, incluindo a suspens\u00e3o de [&hellip;]<\/p>\n","protected":false},"author":123458,"featured_media":6315,"comment_status":"closed","ping_status":"closed","sticky":false,"template":"","format":"standard","meta":{"footnotes":""},"categories":[28,20],"tags":[2810,368,2808,2807,2809],"class_list":["post-6313","post","type-post","status-publish","format-standard","has-post-thumbnail","hentry","category-geral","category-roraima","tag-bloqueio-de-bens","tag-mprr","tag-promotoria-de-defesa-do-consumidor","tag-recuperacao-judicial","tag-unimed-fama"],"_links":{"self":[{"href":"https:\/\/amororaima.com.br\/index.php\/wp-json\/wp\/v2\/posts\/6313","targetHints":{"allow":["GET"]}}],"collection":[{"href":"https:\/\/amororaima.com.br\/index.php\/wp-json\/wp\/v2\/posts"}],"about":[{"href":"https:\/\/amororaima.com.br\/index.php\/wp-json\/wp\/v2\/types\/post"}],"author":[{"embeddable":true,"href":"https:\/\/amororaima.com.br\/index.php\/wp-json\/wp\/v2\/users\/123458"}],"replies":[{"embeddable":true,"href":"https:\/\/amororaima.com.br\/index.php\/wp-json\/wp\/v2\/comments?post=6313"}],"version-history":[{"count":1,"href":"https:\/\/amororaima.com.br\/index.php\/wp-json\/wp\/v2\/posts\/6313\/revisions"}],"predecessor-version":[{"id":6314,"href":"https:\/\/amororaima.com.br\/index.php\/wp-json\/wp\/v2\/posts\/6313\/revisions\/6314"}],"wp:featuredmedia":[{"embeddable":true,"href":"https:\/\/amororaima.com.br\/index.php\/wp-json\/wp\/v2\/media\/6315"}],"wp:attachment":[{"href":"https:\/\/amororaima.com.br\/index.php\/wp-json\/wp\/v2\/media?parent=6313"}],"wp:term":[{"taxonomy":"category","embeddable":true,"href":"https:\/\/amororaima.com.br\/index.php\/wp-json\/wp\/v2\/categories?post=6313"},{"taxonomy":"post_tag","embeddable":true,"href":"https:\/\/amororaima.com.br\/index.php\/wp-json\/wp\/v2\/tags?post=6313"}],"curies":[{"name":"wp","href":"https:\/\/api.w.org\/{rel}","templated":true}]}}