{"id":6220,"date":"2025-06-15T13:38:48","date_gmt":"2025-06-15T17:38:48","guid":{"rendered":"https:\/\/amororaima.com.br\/?p=6220"},"modified":"2025-06-15T13:38:49","modified_gmt":"2025-06-15T17:38:49","slug":"projeto-preve-expansao-do-semiaberto-harmonizado-com-foco-na-geracao-de-empregos","status":"publish","type":"post","link":"https:\/\/amororaima.com.br\/index.php\/2025\/06\/15\/projeto-preve-expansao-do-semiaberto-harmonizado-com-foco-na-geracao-de-empregos\/","title":{"rendered":"Projeto prev\u00ea expans\u00e3o do semiaberto harmonizado com foco na gera\u00e7\u00e3o de empregos"},"content":{"rendered":"\n<p>O Tribunal de Justi\u00e7a de Roraima (TJRR), por meio do Grupo de Monitoramento e Fiscaliza\u00e7\u00e3o do Sistema Carcer\u00e1rio e Socioeducativo (GMF), em parceria com a Secretaria de Justi\u00e7a e Cidadania (Sejuc) e a Vara de Execu\u00e7\u00e3o Penal (VEP), anunciou a implanta\u00e7\u00e3o do regime semiaberto harmonizado.<\/p>\n\n\n\n<p>A iniciativa est\u00e1 diretamente ligada \u00e0 inclus\u00e3o dos reeducandos no mercado de trabalho.<\/p>\n\n\n\n<p>O TJRR articula parcerias com institui\u00e7\u00f5es como a Fecom\u00e9rcio para garantir novas vagas de emprego para os apenados que ainda n\u00e3o trabalham.<\/p>\n\n\n\n<p>\u201cO regime harmonizado n\u00e3o pode ser apenas uma formalidade, ele deve ser uma oportunidade real de reinser\u00e7\u00e3o. Por isso, estamos construindo redes de apoio que envolvem tanto o Judici\u00e1rio quanto o setor produtivo\u201d, destacou o juiz Renato Albuquerque.<\/p>\n\n\n\n<p>O programa beneficia, nesta primeira fase, 319 detentos em Boa Vista, 15 em Rorain\u00f3polis e 22 mulheres, e deve ser ampliado gradualmente.<\/p>\n\n\n\n<p>A expectativa \u00e9 de que, nos pr\u00f3ximos meses, o n\u00famero de beneficiados aumente consideravelmente, sempre respeitando crit\u00e9rios legais.<\/p>\n","protected":false},"excerpt":{"rendered":"<p>O Tribunal de Justi\u00e7a de Roraima (TJRR), por meio do Grupo de Monitoramento e Fiscaliza\u00e7\u00e3o do Sistema Carcer\u00e1rio e Socioeducativo (GMF), em parceria com a Secretaria de Justi\u00e7a e Cidadania (Sejuc) e a Vara de Execu\u00e7\u00e3o Penal (VEP), anunciou a implanta\u00e7\u00e3o do regime semiaberto harmonizado. A iniciativa est\u00e1 diretamente ligada \u00e0 inclus\u00e3o dos reeducandos no [&hellip;]<\/p>\n","protected":false},"author":123458,"featured_media":6221,"comment_status":"closed","ping_status":"closed","sticky":false,"template":"","format":"standard","meta":{"footnotes":""},"categories":[72,20],"tags":[2746,111,721,2745,227,143,286,239,2744],"class_list":["post-6220","post","type-post","status-publish","format-standard","has-post-thumbnail","hentry","category-justica","category-roraima","tag-pena-justa","tag-boa-vista","tag-fecomercio","tag-gmf","tag-rorainopolis","tag-sejuc","tag-sistema-prisional","tag-tjrr","tag-vep"],"_links":{"self":[{"href":"https:\/\/amororaima.com.br\/index.php\/wp-json\/wp\/v2\/posts\/6220","targetHints":{"allow":["GET"]}}],"collection":[{"href":"https:\/\/amororaima.com.br\/index.php\/wp-json\/wp\/v2\/posts"}],"about":[{"href":"https:\/\/amororaima.com.br\/index.php\/wp-json\/wp\/v2\/types\/post"}],"author":[{"embeddable":true,"href":"https:\/\/amororaima.com.br\/index.php\/wp-json\/wp\/v2\/users\/123458"}],"replies":[{"embeddable":true,"href":"https:\/\/amororaima.com.br\/index.php\/wp-json\/wp\/v2\/comments?post=6220"}],"version-history":[{"count":1,"href":"https:\/\/amororaima.com.br\/index.php\/wp-json\/wp\/v2\/posts\/6220\/revisions"}],"predecessor-version":[{"id":6222,"href":"https:\/\/amororaima.com.br\/index.php\/wp-json\/wp\/v2\/posts\/6220\/revisions\/6222"}],"wp:featuredmedia":[{"embeddable":true,"href":"https:\/\/amororaima.com.br\/index.php\/wp-json\/wp\/v2\/media\/6221"}],"wp:attachment":[{"href":"https:\/\/amororaima.com.br\/index.php\/wp-json\/wp\/v2\/media?parent=6220"}],"wp:term":[{"taxonomy":"category","embeddable":true,"href":"https:\/\/amororaima.com.br\/index.php\/wp-json\/wp\/v2\/categories?post=6220"},{"taxonomy":"post_tag","embeddable":true,"href":"https:\/\/amororaima.com.br\/index.php\/wp-json\/wp\/v2\/tags?post=6220"}],"curies":[{"name":"wp","href":"https:\/\/api.w.org\/{rel}","templated":true}]}}