{"id":6198,"date":"2025-06-13T08:00:00","date_gmt":"2025-06-13T12:00:00","guid":{"rendered":"https:\/\/amororaima.com.br\/?p=6198"},"modified":"2025-06-13T11:26:13","modified_gmt":"2025-06-13T15:26:13","slug":"quatro-sao-presos-por-trafico-durante-operacao-sobre-tentativa-de-homicidio","status":"publish","type":"post","link":"https:\/\/amororaima.com.br\/index.php\/2025\/06\/13\/quatro-sao-presos-por-trafico-durante-operacao-sobre-tentativa-de-homicidio\/","title":{"rendered":"Quatro s\u00e3o presos por tr\u00e1fico durante opera\u00e7\u00e3o sobre tentativa de homic\u00eddio"},"content":{"rendered":"\n<p>Uma opera\u00e7\u00e3o da Pol\u00edcia Civil, deflagrada na quarta-feira (11), revelou conex\u00f5es de uma fac\u00e7\u00e3o investigada com o tr\u00e1fico de drogas e uma tentativa de homic\u00eddio ocorrida em 12 de maio, no bairro P\u00e9rola, zona oeste de Boa Vista.<\/p>\n\n\n\n<p>Durante as buscas, quatro pessoas foram presas em flagrante por tr\u00e1fico, associa\u00e7\u00e3o para o tr\u00e1fico e organiza\u00e7\u00e3o criminosa.<\/p>\n\n\n\n<p>Os presos t\u00eam entre 19 e 31 anos. As pris\u00f5es ocorreram em decorr\u00eancia das buscas autorizadas pela Justi\u00e7a e mostram o alcance da atua\u00e7\u00e3o dos grupos criminosos envolvidos na tentativa de assassinato.<\/p>\n\n\n\n<p>Os policiais apreenderam duas motocicletas, capacetes, roupas e outros objetos usados no dia do crime.<\/p>\n\n\n\n<p>\u201cEssas pris\u00f5es em flagrante, mesmo n\u00e3o estando diretamente ligadas ao atentado, revelam como os grupos criminosos operam de forma ramificada. Cada dilig\u00eancia \u00e9 uma oportunidade de desmantelar estruturas maiores\u201d, afirmou o delegado Jean Daniel.<\/p>\n","protected":false},"excerpt":{"rendered":"<p>Uma opera\u00e7\u00e3o da Pol\u00edcia Civil, deflagrada na quarta-feira (11), revelou conex\u00f5es de uma fac\u00e7\u00e3o investigada com o tr\u00e1fico de drogas e uma tentativa de homic\u00eddio ocorrida em 12 de maio, no bairro P\u00e9rola, zona oeste de Boa Vista. Durante as buscas, quatro pessoas foram presas em flagrante por tr\u00e1fico, associa\u00e7\u00e3o para o tr\u00e1fico e organiza\u00e7\u00e3o [&hellip;]<\/p>\n","protected":false},"author":123458,"featured_media":6199,"comment_status":"closed","ping_status":"closed","sticky":false,"template":"","format":"standard","meta":{"footnotes":""},"categories":[34,20],"tags":[111,1262,55,962,1410,2734,240],"class_list":["post-6198","post","type-post","status-publish","format-standard","has-post-thumbnail","hentry","category-policia","category-roraima","tag-boa-vista","tag-faccao","tag-policia-civil-2","tag-saida-temporaria","tag-tentativa-de-homicidio","tag-trafico-de-droga","tag-zona-oeste"],"_links":{"self":[{"href":"https:\/\/amororaima.com.br\/index.php\/wp-json\/wp\/v2\/posts\/6198","targetHints":{"allow":["GET"]}}],"collection":[{"href":"https:\/\/amororaima.com.br\/index.php\/wp-json\/wp\/v2\/posts"}],"about":[{"href":"https:\/\/amororaima.com.br\/index.php\/wp-json\/wp\/v2\/types\/post"}],"author":[{"embeddable":true,"href":"https:\/\/amororaima.com.br\/index.php\/wp-json\/wp\/v2\/users\/123458"}],"replies":[{"embeddable":true,"href":"https:\/\/amororaima.com.br\/index.php\/wp-json\/wp\/v2\/comments?post=6198"}],"version-history":[{"count":1,"href":"https:\/\/amororaima.com.br\/index.php\/wp-json\/wp\/v2\/posts\/6198\/revisions"}],"predecessor-version":[{"id":6200,"href":"https:\/\/amororaima.com.br\/index.php\/wp-json\/wp\/v2\/posts\/6198\/revisions\/6200"}],"wp:featuredmedia":[{"embeddable":true,"href":"https:\/\/amororaima.com.br\/index.php\/wp-json\/wp\/v2\/media\/6199"}],"wp:attachment":[{"href":"https:\/\/amororaima.com.br\/index.php\/wp-json\/wp\/v2\/media?parent=6198"}],"wp:term":[{"taxonomy":"category","embeddable":true,"href":"https:\/\/amororaima.com.br\/index.php\/wp-json\/wp\/v2\/categories?post=6198"},{"taxonomy":"post_tag","embeddable":true,"href":"https:\/\/amororaima.com.br\/index.php\/wp-json\/wp\/v2\/tags?post=6198"}],"curies":[{"name":"wp","href":"https:\/\/api.w.org\/{rel}","templated":true}]}}