{"id":5990,"date":"2025-05-28T08:00:00","date_gmt":"2025-05-28T12:00:00","guid":{"rendered":"https:\/\/amororaima.com.br\/?p=5990"},"modified":"2025-05-28T01:23:27","modified_gmt":"2025-05-28T05:23:27","slug":"deputado-propoe-frente-de-trabalho-para-intensificar-combate-a-estupro-de-mulheres-e-criancas","status":"publish","type":"post","link":"https:\/\/amororaima.com.br\/index.php\/2025\/05\/28\/deputado-propoe-frente-de-trabalho-para-intensificar-combate-a-estupro-de-mulheres-e-criancas\/","title":{"rendered":"Deputado prop\u00f5e frente de trabalho para intensificar combate a estupro de mulheres e crian\u00e7as"},"content":{"rendered":"\n<p>O deputado Renato Silva (Podemos) prop\u00f4s, nesta ter\u00e7a-feira (27), durante sess\u00e3o ordin\u00e1ria na Assembleia Legislativa de Roraima (ALE-RR), a cria\u00e7\u00e3o de uma frente de trabalho coletiva para enfrentamento de casos de ass\u00e9dio e estupro de mulheres e crian\u00e7as no Estado. Segundo ele, o tema exige aten\u00e7\u00e3o e uni\u00e3o de todos os parlamentares. &#8220;\u00c9 um assunto com o qual todos n\u00f3s devemos nos preocupar&#8221;, disse.<\/p>\n\n\n\n<p>Silva parabenizou a Pol\u00edcia Civil e o Tribunal de Justi\u00e7a (TJRR), especialmente no combate aos crimes contra vulner\u00e1veis, mas expressou preocupa\u00e7\u00e3o com o aumento dos estupros, principalmente de mulheres e crian\u00e7as. Para o parlamentar, \u00e9 preciso que os deputados atuem com o Judici\u00e1rio e o governo do Estado. \u201cN\u00e3o basta s\u00f3 uma campanha publicit\u00e1ria, pois a maioria dos abusos acontece dentro de casa, com amigos, vizinhos ou familiares\u201d, alertou.<\/p>\n\n\n\n<p>Dados do F\u00f3rum Brasileiro de Seguran\u00e7a P\u00fablica (FBSP) revelam que Roraima lidera o ranking nacional de estupros. Em 2023, o Estado registrou uma taxa de 112,5 casos para cada 100 mil habitantes \u2014 quase tr\u00eas vezes a m\u00e9dia nacional. Entre mulheres e meninas, o \u00edndice \u00e9 ainda mais alarmante: 193,8 por 100 mil, n\u00famero quatro vezes maior que o registrado no restante do pa\u00eds.<\/p>\n\n\n\n<p>Renato Silva defendeu a cria\u00e7\u00e3o de delegacias especializadas, com espa\u00e7os preparados para acolher crian\u00e7as v\u00edtimas de abuso. Ele solicitou que a deputada Catarina Guerra (Uni\u00e3o) presidisse uma comiss\u00e3o para tratar do tema, visto que protocolou uma proposta de emenda \u00e0 Constitui\u00e7\u00e3o (PEC) para priorizar a\u00e7\u00f5es de combate \u00e0 viol\u00eancia contra crian\u00e7as e adolescentes nas pol\u00edticas p\u00fablicas estaduais.<\/p>\n\n\n\n<p>O deputado tamb\u00e9m leu casos recentes de viol\u00eancia registrados em 2025 e lamentou que muitos deles nem cheguem a ser denunciados. Ele mencionou a atua\u00e7\u00e3o da deputada federal Renata Abreu (Podemos-SP), que defende a inclus\u00e3o de crimes contra crian\u00e7as na categoria de hediondos.<\/p>\n\n\n\n<p>\u201cPrecisamos endurecer a legisla\u00e7\u00e3o. Parece que o medo da puni\u00e7\u00e3o j\u00e1 n\u00e3o existe mais\u201d, afirmou.<\/p>\n\n\n\n<p>Ao final da sess\u00e3o, o vice-presidente da ALE-RR, Jorge Everton (Uni\u00e3o), aprovou a cria\u00e7\u00e3o da comiss\u00e3o especial sugerida pelo colega. A expectativa \u00e9 que a nova frente una esfor\u00e7os para garantir estrutura, or\u00e7amento e a\u00e7\u00f5es efetivas no combate aos crimes de abuso e viol\u00eancia sexual em Roraima.<\/p>\n","protected":false},"excerpt":{"rendered":"<p>O deputado Renato Silva (Podemos) prop\u00f4s, nesta ter\u00e7a-feira (27), durante sess\u00e3o ordin\u00e1ria na Assembleia Legislativa de Roraima (ALE-RR), a cria\u00e7\u00e3o de uma frente de trabalho coletiva para enfrentamento de casos de ass\u00e9dio e estupro de mulheres e crian\u00e7as no Estado. Segundo ele, o tema exige aten\u00e7\u00e3o e uni\u00e3o de todos os parlamentares. &#8220;\u00c9 um assunto [&hellip;]<\/p>\n","protected":false},"author":123458,"featured_media":5991,"comment_status":"closed","ping_status":"closed","sticky":false,"template":"","format":"standard","meta":{"footnotes":""},"categories":[31,20],"tags":[71,1233,57,2644,2645,560,55,239],"class_list":["post-5990","post","type-post","status-publish","format-standard","has-post-thumbnail","hentry","category-politica","category-roraima","tag-ale-rr","tag-criancas","tag-estupro","tag-fbsp","tag-frente-de-trabalho","tag-mulheres","tag-policia-civil-2","tag-tjrr"],"_links":{"self":[{"href":"https:\/\/amororaima.com.br\/index.php\/wp-json\/wp\/v2\/posts\/5990","targetHints":{"allow":["GET"]}}],"collection":[{"href":"https:\/\/amororaima.com.br\/index.php\/wp-json\/wp\/v2\/posts"}],"about":[{"href":"https:\/\/amororaima.com.br\/index.php\/wp-json\/wp\/v2\/types\/post"}],"author":[{"embeddable":true,"href":"https:\/\/amororaima.com.br\/index.php\/wp-json\/wp\/v2\/users\/123458"}],"replies":[{"embeddable":true,"href":"https:\/\/amororaima.com.br\/index.php\/wp-json\/wp\/v2\/comments?post=5990"}],"version-history":[{"count":2,"href":"https:\/\/amororaima.com.br\/index.php\/wp-json\/wp\/v2\/posts\/5990\/revisions"}],"predecessor-version":[{"id":5997,"href":"https:\/\/amororaima.com.br\/index.php\/wp-json\/wp\/v2\/posts\/5990\/revisions\/5997"}],"wp:featuredmedia":[{"embeddable":true,"href":"https:\/\/amororaima.com.br\/index.php\/wp-json\/wp\/v2\/media\/5991"}],"wp:attachment":[{"href":"https:\/\/amororaima.com.br\/index.php\/wp-json\/wp\/v2\/media?parent=5990"}],"wp:term":[{"taxonomy":"category","embeddable":true,"href":"https:\/\/amororaima.com.br\/index.php\/wp-json\/wp\/v2\/categories?post=5990"},{"taxonomy":"post_tag","embeddable":true,"href":"https:\/\/amororaima.com.br\/index.php\/wp-json\/wp\/v2\/tags?post=5990"}],"curies":[{"name":"wp","href":"https:\/\/api.w.org\/{rel}","templated":true}]}}