{"id":5783,"date":"2025-05-12T17:33:57","date_gmt":"2025-05-12T21:33:57","guid":{"rendered":"https:\/\/amororaima.com.br\/?p=5783"},"modified":"2025-05-12T17:33:57","modified_gmt":"2025-05-12T21:33:57","slug":"escolegis-abre-420-vagas-em-cursos-presenciais-gratuitos-inscricoes-podem-ser-feitas-a-partir-desta-terca-13","status":"publish","type":"post","link":"https:\/\/amororaima.com.br\/index.php\/2025\/05\/12\/escolegis-abre-420-vagas-em-cursos-presenciais-gratuitos-inscricoes-podem-ser-feitas-a-partir-desta-terca-13\/","title":{"rendered":"Escolegis abre 420 vagas em cursos presenciais gratuitos; inscri\u00e7\u00f5es podem ser feitas a partir desta ter\u00e7a (13)"},"content":{"rendered":"\n<p>A Escola do Legislativo (Escolegis), da Assembleia Legislativa de Roraima (ALE-RR), abre, nesta ter\u00e7a-feira (13), inscri\u00e7\u00f5es para uma nova s\u00e9rie de cursos presenciais gratuitos voltados \u00e0 popula\u00e7\u00e3o. S\u00e3o 420 vagas para capacita\u00e7\u00f5es em \u00e1reas como atendimento ao p\u00fablico, culin\u00e1ria e festas juninas, com aulas entre 19 e 30 de maio, distribu\u00eddas nos turnos matutino, vespertino e noturno.<\/p>\n\n\n\n<p>As inscri\u00e7\u00f5es devem ser feitas exclusivamente pelo site da Escolegis (<a href=\"https:\/\/www.escolegisrr.com.br\" target=\"_blank\" rel=\"noreferrer noopener\"><strong>https:\/\/www.escolegisrr.com.br<\/strong><\/a>), at\u00e9 quinta-feira (15). Os cursos s\u00e3o destinados a pessoas a partir de 14 anos e t\u00eam carga hor\u00e1ria entre 20 e 40 horas.<\/p>\n\n\n\n<p>De acordo com a diretora da Escolegis, Lene Matos, as capacita\u00e7\u00f5es foram pensadas com foco em habilidades pr\u00e1ticas e na gera\u00e7\u00e3o de oportunidades reais de qualifica\u00e7\u00e3o profissional.<\/p>\n\n\n\n<p>\u201cNos antecipando ao per\u00edodo junino, estamos oferecendo cursos voltados para a tem\u00e1tica. Na semana passada, ofertamos o curso de caldos; nesta semana, iniciamos os doces juninos e, amanh\u00e3, abriremos inscri\u00e7\u00f5es para receitas com milho e maquiagem de festa junina. Acreditamos que esses cursos, al\u00e9m de serem in\u00e9ditos e exclusivos da Escolegis, ajudar\u00e3o os alunos a se prepararem e empreenderem no per\u00edodo certo\u201d, destacou a diretora.<\/p>\n\n\n\n<p><strong>Confira a programa\u00e7\u00e3o completa<\/strong><\/p>\n\n\n\n<p><strong>Matutino (8h \u00e0s 12h)<\/strong><strong><\/strong><\/p>\n\n\n\n<p>Culin\u00e1ria Junina: del\u00edcias feitas com milho<\/p>\n\n\n\n<p>Vagas: 20 \/ Idade m\u00ednima: 16 anos \/ Per\u00edodo: 19 a 23\/5 \/ Carga hor\u00e1ria: 20h<\/p>\n\n\n\n<p>Maquiagem art\u00edstica: b\u00f4nus festa junina<\/p>\n\n\n\n<p>Vagas: 30 \/ Idade m\u00ednima: 14 anos \/ Per\u00edodo: 26 a 30\/5 \/ Carga hor\u00e1ria: 20h<\/p>\n\n\n\n<p>Decora\u00e7\u00e3o de festa infantil<\/p>\n\n\n\n<p>Vagas: 80 \/ Idade m\u00ednima: 14 anos \/ Per\u00edodo: 26 a 30\/5 \/ Carga hor\u00e1ria: 20h<\/p>\n\n\n\n<p>Culin\u00e1ria Junina: bolos caseiros<\/p>\n\n\n\n<p>Vagas: 20 \/ Idade m\u00ednima: 16 anos \/ Per\u00edodo: 26 a 30\/5 \/ Carga hor\u00e1ria: 20h<\/p>\n\n\n\n<p><strong>Vespertino (14h \u00e0s 18h)<\/strong><\/p>\n\n\n\n<p>Culin\u00e1ria Junina: del\u00edcias feitas com milho<\/p>\n\n\n\n<p>Vagas: 20 \/ Idade m\u00ednima: 16 anos \/ Per\u00edodo: 19 a 23\/5 \/ Carga hor\u00e1ria: 20h<\/p>\n\n\n\n<p>Ingl\u00eas B\u00e1sico<\/p>\n\n\n\n<p>Vagas: 80 \/ Idade m\u00ednima: 14 anos \/ Per\u00edodo: 19 a 30\/5 \/ Carga hor\u00e1ria: 40h<\/p>\n\n\n\n<p><strong>Noturno (18h \u00e0s 22h)<\/strong><\/p>\n\n\n\n<p>Atendimento ao P\u00fablico<\/p>\n\n\n\n<p>Vagas: 80 \/ Idade m\u00ednima: 16 anos \/ Per\u00edodo: 19 a 30\/5 \/ Carga hor\u00e1ria: 40h<\/p>\n\n\n\n<p>Barman<\/p>\n\n\n\n<p>Vagas: 70 \/ Idade m\u00ednima: 16 anos \/ Per\u00edodo: 19 a 23\/5 \/ Carga hor\u00e1ria: 20h<\/p>\n\n\n\n<p>Atendimento ao P\u00fablico<\/p>\n\n\n\n<p>Vagas: 20 \/ Idade m\u00ednima: 16 anos \/ Per\u00edodo: 26 a 30\/5 \/ Carga hor\u00e1ria: 20h<\/p>\n","protected":false},"excerpt":{"rendered":"<p>A Escola do Legislativo (Escolegis), da Assembleia Legislativa de Roraima (ALE-RR), abre, nesta ter\u00e7a-feira (13), inscri\u00e7\u00f5es para uma nova s\u00e9rie de cursos presenciais gratuitos voltados \u00e0 popula\u00e7\u00e3o. S\u00e3o 420 vagas para capacita\u00e7\u00f5es em \u00e1reas como atendimento ao p\u00fablico, culin\u00e1ria e festas juninas, com aulas entre 19 e 30 de maio, distribu\u00eddas nos turnos matutino, vespertino [&hellip;]<\/p>\n","protected":false},"author":123458,"featured_media":5784,"comment_status":"closed","ping_status":"closed","sticky":false,"template":"","format":"standard","meta":{"footnotes":""},"categories":[28,20],"tags":[2544,2545,1337,70,2546],"class_list":["post-5783","post","type-post","status-publish","format-standard","has-post-thumbnail","hentry","category-geral","category-roraima","tag-atendimento-ao-publico","tag-culinaria","tag-cursos-presenciais","tag-escolegis","tag-festas-juninas"],"_links":{"self":[{"href":"https:\/\/amororaima.com.br\/index.php\/wp-json\/wp\/v2\/posts\/5783","targetHints":{"allow":["GET"]}}],"collection":[{"href":"https:\/\/amororaima.com.br\/index.php\/wp-json\/wp\/v2\/posts"}],"about":[{"href":"https:\/\/amororaima.com.br\/index.php\/wp-json\/wp\/v2\/types\/post"}],"author":[{"embeddable":true,"href":"https:\/\/amororaima.com.br\/index.php\/wp-json\/wp\/v2\/users\/123458"}],"replies":[{"embeddable":true,"href":"https:\/\/amororaima.com.br\/index.php\/wp-json\/wp\/v2\/comments?post=5783"}],"version-history":[{"count":1,"href":"https:\/\/amororaima.com.br\/index.php\/wp-json\/wp\/v2\/posts\/5783\/revisions"}],"predecessor-version":[{"id":5785,"href":"https:\/\/amororaima.com.br\/index.php\/wp-json\/wp\/v2\/posts\/5783\/revisions\/5785"}],"wp:featuredmedia":[{"embeddable":true,"href":"https:\/\/amororaima.com.br\/index.php\/wp-json\/wp\/v2\/media\/5784"}],"wp:attachment":[{"href":"https:\/\/amororaima.com.br\/index.php\/wp-json\/wp\/v2\/media?parent=5783"}],"wp:term":[{"taxonomy":"category","embeddable":true,"href":"https:\/\/amororaima.com.br\/index.php\/wp-json\/wp\/v2\/categories?post=5783"},{"taxonomy":"post_tag","embeddable":true,"href":"https:\/\/amororaima.com.br\/index.php\/wp-json\/wp\/v2\/tags?post=5783"}],"curies":[{"name":"wp","href":"https:\/\/api.w.org\/{rel}","templated":true}]}}