{"id":5777,"date":"2025-05-12T16:49:38","date_gmt":"2025-05-12T20:49:38","guid":{"rendered":"https:\/\/amororaima.com.br\/?p=5777"},"modified":"2025-05-12T16:58:02","modified_gmt":"2025-05-12T20:58:02","slug":"passageiro-e-preso-com-280-canarios-escondidos-em-malas-especie-e-uma-das-mais-visadas-por-traficantes-de-animais-silvestres","status":"publish","type":"post","link":"https:\/\/amororaima.com.br\/index.php\/2025\/05\/12\/passageiro-e-preso-com-280-canarios-escondidos-em-malas-especie-e-uma-das-mais-visadas-por-traficantes-de-animais-silvestres\/","title":{"rendered":"Passageiro \u00e9 preso com 280 can\u00e1rios escondidos em malas; esp\u00e9cie \u00e9 uma das mais visadas por traficantes de animais silvestres"},"content":{"rendered":"\n<p>Um passageiro foi preso pela Pol\u00edcia Federal, neste fim de semana, no aeroporto de Boa Vista ao tentar embarcar com&nbsp;280 p\u00e1ssaros da esp\u00e9cie can\u00e1rio-da-terra escondidos em malas. A pris\u00e3o e a apreens\u00e3o ocorreram durante uma fiscaliza\u00e7\u00e3o dos agentes federais.<\/p>\n\n\n\n<p>De acordo com a PF, as aves estavam acondicionadas em tr\u00eas malas, em condi\u00e7\u00f5es consideradas de maus-tratos. A esp\u00e9cie \u00e9 uma das mais visadas pelo&nbsp;tr\u00e1fico de animais silvestres no pa\u00eds.&nbsp;<\/p>\n\n\n\n<p>O suspeito foi conduzido \u00e0 sede da Pol\u00edcia Federal, onde foi autuado em flagrante pelos crimes ambientais de maus-tratos e tentativa de tr\u00e1fico de animais silvestres. Depois dos procedimentos, ele foi encaminhado ao sistema prisional.<\/p>\n\n\n\n<p>A Pol\u00edcia Federal n\u00e3o informou qual seria o destino das aves.<\/p>\n\n\n\n<p><strong><em>Com informa\u00e7\u00f5es da CNN Brasil<\/em><\/strong><\/p>\n","protected":false},"excerpt":{"rendered":"<p>Um passageiro foi preso pela Pol\u00edcia Federal, neste fim de semana, no aeroporto de Boa Vista ao tentar embarcar com&nbsp;280 p\u00e1ssaros da esp\u00e9cie can\u00e1rio-da-terra escondidos em malas. A pris\u00e3o e a apreens\u00e3o ocorreram durante uma fiscaliza\u00e7\u00e3o dos agentes federais. De acordo com a PF, as aves estavam acondicionadas em tr\u00eas malas, em condi\u00e7\u00f5es consideradas de [&hellip;]<\/p>\n","protected":false},"author":123458,"featured_media":5778,"comment_status":"closed","ping_status":"closed","sticky":false,"template":"","format":"standard","meta":{"footnotes":""},"categories":[19,34,20],"tags":[386,2542,278,286,2543],"class_list":["post-5777","post","type-post","status-publish","format-standard","has-post-thumbnail","hentry","category-brasil","category-policia","category-roraima","tag-aeroporto-de-boa-vista","tag-canario-da-terra","tag-policia-federal","tag-sistema-prisional","tag-trafico-de-animais-silvestres"],"_links":{"self":[{"href":"https:\/\/amororaima.com.br\/index.php\/wp-json\/wp\/v2\/posts\/5777","targetHints":{"allow":["GET"]}}],"collection":[{"href":"https:\/\/amororaima.com.br\/index.php\/wp-json\/wp\/v2\/posts"}],"about":[{"href":"https:\/\/amororaima.com.br\/index.php\/wp-json\/wp\/v2\/types\/post"}],"author":[{"embeddable":true,"href":"https:\/\/amororaima.com.br\/index.php\/wp-json\/wp\/v2\/users\/123458"}],"replies":[{"embeddable":true,"href":"https:\/\/amororaima.com.br\/index.php\/wp-json\/wp\/v2\/comments?post=5777"}],"version-history":[{"count":3,"href":"https:\/\/amororaima.com.br\/index.php\/wp-json\/wp\/v2\/posts\/5777\/revisions"}],"predecessor-version":[{"id":5782,"href":"https:\/\/amororaima.com.br\/index.php\/wp-json\/wp\/v2\/posts\/5777\/revisions\/5782"}],"wp:featuredmedia":[{"embeddable":true,"href":"https:\/\/amororaima.com.br\/index.php\/wp-json\/wp\/v2\/media\/5778"}],"wp:attachment":[{"href":"https:\/\/amororaima.com.br\/index.php\/wp-json\/wp\/v2\/media?parent=5777"}],"wp:term":[{"taxonomy":"category","embeddable":true,"href":"https:\/\/amororaima.com.br\/index.php\/wp-json\/wp\/v2\/categories?post=5777"},{"taxonomy":"post_tag","embeddable":true,"href":"https:\/\/amororaima.com.br\/index.php\/wp-json\/wp\/v2\/tags?post=5777"}],"curies":[{"name":"wp","href":"https:\/\/api.w.org\/{rel}","templated":true}]}}