{"id":5721,"date":"2025-05-07T19:03:13","date_gmt":"2025-05-07T23:03:13","guid":{"rendered":"https:\/\/amororaima.com.br\/?p=5721"},"modified":"2025-05-07T19:04:46","modified_gmt":"2025-05-07T23:04:46","slug":"escolegis-abre-inscricoes-para-120-vagas-em-cursos-presenciais-de-informatica-basica-e-avancada-em-boa-vista","status":"publish","type":"post","link":"https:\/\/amororaima.com.br\/index.php\/2025\/05\/07\/escolegis-abre-inscricoes-para-120-vagas-em-cursos-presenciais-de-informatica-basica-e-avancada-em-boa-vista\/","title":{"rendered":"Escolegis abre inscri\u00e7\u00f5es para 120 vagas em cursos presenciais de inform\u00e1tica b\u00e1sica e avan\u00e7ada em Boa Vista"},"content":{"rendered":"\n<p>A Escola do Legislativo (Escolegis) abre inscri\u00e7\u00f5es, ao longo desta quinta-feira (8), para cursos presenciais de inform\u00e1tica, em Boa Vista. S\u00e3o 120 vagas dispon\u00edveis para seis turmas b\u00e1sicas e avan\u00e7adas, al\u00e9m de pacotes Office, a novidade da vez.<\/p>\n\n\n\n<p>As inscri\u00e7\u00f5es devem ser feitas exclusivamente pelo site <a href=\"https:\/\/www.escolegisrr.com.br\/pages\/52\" target=\"_blank\" rel=\"noreferrer noopener\"><strong>escolegisrr.com.br<\/strong><\/a>. Os cursos s\u00e3o gratuitos e voltados para pessoas a partir de 14 anos de idade, com aulas pela manh\u00e3, tarde e \u00e0 noite.<\/p>\n\n\n\n<p>Conforme a diretora da Escolegis, Lene Matos, cada vez mais a institui\u00e7\u00e3o amplia as ofertas, a fim de qualificar o maior n\u00famero de pessoas poss\u00edvel. Isso possibilita a gera\u00e7\u00e3o de novos empregos e renda.<\/p>\n\n\n\n<p>\u201cOs cursos de inform\u00e1tica s\u00e3o o carro-chefe da Escolegis. Quando abrimos novas inscri\u00e7\u00f5es, se esgotam r\u00e1pido porque \u00e9 uma qualifica\u00e7\u00e3o que o mercado de trabalho exige muito, ent\u00e3o a escola sempre est\u00e1 proporcionando isso a toda sociedade\u201d, acrescentou.<\/p>\n\n\n\n<p><strong>Din\u00e2mica das vagas<\/strong><\/p>\n\n\n\n<p>As aulas se iniciam na segunda-feira (12), mas a novidade \u00e9 que, desta vez, ter\u00e1 cadastro de reserva e o aluno que n\u00e3o comparecer ao primeiro dia de aula ser\u00e1 substitu\u00eddo pelo pr\u00f3ximo da fila.<\/p>\n\n\n\n<p>Outro ponto importante \u00e9 que os alunos que ir\u00e3o iniciar cursos a partir do n\u00edvel intermedi\u00e1rio devem apresentar, no primeiro dia de aula, um comprovante de conclus\u00e3o do n\u00edvel anterior (certificado impresso, em PDF ou foto). Sem a apresenta\u00e7\u00e3o do certificado, n\u00e3o ser\u00e1 poss\u00edvel fazer o curso desejado.<\/p>\n\n\n\n<p><strong>Cronograma<\/strong><\/p>\n\n\n\n<p><strong>Curso: Inform\u00e1tica B\u00e1sica<\/strong><\/p>\n\n\n\n<p>Vagas: 20<\/p>\n\n\n\n<p>Idade m\u00ednima: 14 anos<\/p>\n\n\n\n<p>Per\u00edodo de aula: 12\/5 a 6\/6<\/p>\n\n\n\n<p>Hor\u00e1rio: 8h \u00e0s 10h<\/p>\n\n\n\n<p>Turno: matutino<\/p>\n\n\n\n<p>Carga hor\u00e1ria: 40 horas<\/p>\n\n\n\n<p><strong>Curso: Inform\u00e1tica Avan\u00e7ada<\/strong><\/p>\n\n\n\n<p>Vagas: 20<\/p>\n\n\n\n<p>Idade m\u00ednima: 14 anos<\/p>\n\n\n\n<p>Per\u00edodo de aula: 12\/5 a 6\/6<\/p>\n\n\n\n<p>Hor\u00e1rio: 10h \u00e0s 12h<\/p>\n\n\n\n<p>Turno: matutino<\/p>\n\n\n\n<p>Carga hor\u00e1ria: 40 horas<\/p>\n\n\n\n<p><strong>Curso: Inform\u00e1tica B\u00e1sica<\/strong><\/p>\n\n\n\n<p>Vagas: 20<\/p>\n\n\n\n<p>Idade m\u00ednima: 14 anos<\/p>\n\n\n\n<p>Per\u00edodo de aula: 12\/5 a 6\/6<\/p>\n\n\n\n<p>Hor\u00e1rio: 14h \u00e0s 16h<\/p>\n\n\n\n<p>Turno: vespertino<\/p>\n\n\n\n<p>Carga hor\u00e1ria: 40 horas<\/p>\n\n\n\n<p><strong>Curso: Inform\u00e1tica Avan\u00e7ada<\/strong><\/p>\n\n\n\n<p>Vagas: 20<\/p>\n\n\n\n<p>Idade m\u00ednima: 14 anos<\/p>\n\n\n\n<p>Per\u00edodo de aula: 12\/5 a 6\/6<\/p>\n\n\n\n<p>Hor\u00e1rio: 16h \u00e0s 18h<\/p>\n\n\n\n<p>Turno: vespertino<\/p>\n\n\n\n<p>Carga hor\u00e1ria: 40 horas<\/p>\n\n\n\n<p><strong>Curso: Pacote Office<\/strong><\/p>\n\n\n\n<p>Vagas: 20<\/p>\n\n\n\n<p>Idade m\u00ednima: 16 anos<\/p>\n\n\n\n<p>Per\u00edodo de aula: 12\/5 a 6\/6<\/p>\n\n\n\n<p>Hor\u00e1rio: 18h \u00e0s 20h<\/p>\n\n\n\n<p>Turno: noturno<\/p>\n\n\n\n<p>Carga hor\u00e1ria: 40 horas<\/p>\n\n\n\n<p><strong>Curso: Inform\u00e1tica Avan\u00e7ada<\/strong><\/p>\n\n\n\n<p>Vagas: 20<\/p>\n\n\n\n<p>Idade m\u00ednima: 16 anos<\/p>\n\n\n\n<p>Per\u00edodo de aula: 12\/5 a 6\/6<\/p>\n\n\n\n<p>Hor\u00e1rio: 20h \u00e0s 22h<\/p>\n\n\n\n<p>Turno: noturno<\/p>\n\n\n\n<p>Carga hor\u00e1ria: 40 horas<\/p>\n","protected":false},"excerpt":{"rendered":"<p>A Escola do Legislativo (Escolegis) abre inscri\u00e7\u00f5es, ao longo desta quinta-feira (8), para cursos presenciais de inform\u00e1tica, em Boa Vista. S\u00e3o 120 vagas dispon\u00edveis para seis turmas b\u00e1sicas e avan\u00e7adas, al\u00e9m de pacotes Office, a novidade da vez. As inscri\u00e7\u00f5es devem ser feitas exclusivamente pelo site escolegisrr.com.br. Os cursos s\u00e3o gratuitos e voltados para pessoas [&hellip;]<\/p>\n","protected":false},"author":123458,"featured_media":5722,"comment_status":"closed","ping_status":"closed","sticky":false,"template":"","format":"standard","meta":{"footnotes":""},"categories":[29,20],"tags":[71,70,2517,2518,2519],"class_list":["post-5721","post","type-post","status-publish","format-standard","has-post-thumbnail","hentry","category-educacao","category-roraima","tag-ale-rr","tag-escolegis","tag-informatica-avancada","tag-informatica-basica","tag-pacote-office"],"_links":{"self":[{"href":"https:\/\/amororaima.com.br\/index.php\/wp-json\/wp\/v2\/posts\/5721","targetHints":{"allow":["GET"]}}],"collection":[{"href":"https:\/\/amororaima.com.br\/index.php\/wp-json\/wp\/v2\/posts"}],"about":[{"href":"https:\/\/amororaima.com.br\/index.php\/wp-json\/wp\/v2\/types\/post"}],"author":[{"embeddable":true,"href":"https:\/\/amororaima.com.br\/index.php\/wp-json\/wp\/v2\/users\/123458"}],"replies":[{"embeddable":true,"href":"https:\/\/amororaima.com.br\/index.php\/wp-json\/wp\/v2\/comments?post=5721"}],"version-history":[{"count":3,"href":"https:\/\/amororaima.com.br\/index.php\/wp-json\/wp\/v2\/posts\/5721\/revisions"}],"predecessor-version":[{"id":5725,"href":"https:\/\/amororaima.com.br\/index.php\/wp-json\/wp\/v2\/posts\/5721\/revisions\/5725"}],"wp:featuredmedia":[{"embeddable":true,"href":"https:\/\/amororaima.com.br\/index.php\/wp-json\/wp\/v2\/media\/5722"}],"wp:attachment":[{"href":"https:\/\/amororaima.com.br\/index.php\/wp-json\/wp\/v2\/media?parent=5721"}],"wp:term":[{"taxonomy":"category","embeddable":true,"href":"https:\/\/amororaima.com.br\/index.php\/wp-json\/wp\/v2\/categories?post=5721"},{"taxonomy":"post_tag","embeddable":true,"href":"https:\/\/amororaima.com.br\/index.php\/wp-json\/wp\/v2\/tags?post=5721"}],"curies":[{"name":"wp","href":"https:\/\/api.w.org\/{rel}","templated":true}]}}