{"id":5686,"date":"2025-05-06T13:51:07","date_gmt":"2025-05-06T17:51:07","guid":{"rendered":"https:\/\/amororaima.com.br\/?p=5686"},"modified":"2025-05-06T13:55:08","modified_gmt":"2025-05-06T17:55:08","slug":"confederacao-do-comercio-projeta-aumento-de-06-e-movimento-de-r-302-mi-nas-vendas-para-dia-das-maes-em-roraima","status":"publish","type":"post","link":"https:\/\/amororaima.com.br\/index.php\/2025\/05\/06\/confederacao-do-comercio-projeta-aumento-de-06-e-movimento-de-r-302-mi-nas-vendas-para-dia-das-maes-em-roraima\/","title":{"rendered":"Confedera\u00e7\u00e3o do Com\u00e9rcio projeta aumento de 0,6% e movimento de R$ 30,2 mi nas vendas para Dia das M\u00e3es em Roraima"},"content":{"rendered":"\n<p>Com proje\u00e7\u00e3o de leve aumento de 0,6% em rela\u00e7\u00e3o \u00e0s vendas de 2024, o Dia das M\u00e3es este ano em Roraima deve movimentar R$ 30,2 milh\u00f5es, de acordo com levantamento da Confedera\u00e7\u00e3o Nacional do Com\u00e9rcio de Bens, Servi\u00e7os e Turismo (CNC).<\/p>\n\n\n\n<p>Para o economista da Federa\u00e7\u00e3o do Com\u00e9rcio em Roraima (Fecom\u00e9rcio\/RR), F\u00e1bio Martinez, \u201capesar do avan\u00e7o, o n\u00famero \u00e9 considerado t\u00edmido para a segunda data comemorativa mais importante para o varejo brasileiro e pode ser explicado pelo encarecimento do cr\u00e9dito\u201d.<\/p>\n\n\n\n<p>O ramo de vestu\u00e1rio, cal\u00e7ados e acess\u00f3rios deve liderar mais uma vez o ranking da prefer\u00eancia do consumidor, com estimativa de concentrar quase 40% das compras. Em seguida, aparecem os segmentos de farm\u00e1cias, perfumarias e cosm\u00e9ticos, com 21%, e o de utilidades dom\u00e9sticas e eletroeletr\u00f4nicos, com cerca de 13%. Ainda de acordo com o assessor econ\u00f4mico da Fecom\u00e9rcio, \u201cos segmentos mais dependentes de cr\u00e9dito devem apresentar uma retra\u00e7\u00e3o, com quedas de 2,9%, 4,4% e 6%, respectivamente\u201d, complementa F\u00e1bio Martinez.<\/p>\n\n\n\n<p>Atualmente, a taxa m\u00e9dia de juros das opera\u00e7\u00f5es com recursos livres destinados \u00e0s pessoas f\u00edsicas se encontra no maior patamar desde agosto de 2023, em 56,3% ao ano, de acordo com o Banco Central. \u201cO cen\u00e1rio econ\u00f4mico tem exigido mais cautela dos consumidores, que est\u00e3o mais seletivos neste Dia das M\u00e3es. Com isso, o varejo teve de se adaptar com rapidez e criatividade, investindo em promo\u00e7\u00f5es, itens de maior giro e mais alternativas de pagamento. Isso comprova o n\u00edvel de comprometimento dos empres\u00e1rios com a retomada sustent\u00e1vel do consumo no pa\u00eds\u201d, afirma o presidente do Sistema CNC-Sesc-Senac, Jos\u00e9 Roberto Tadros.<\/p>\n\n\n\n<p><strong>Cesta mais cara<\/strong><\/p>\n\n\n\n<p>A infla\u00e7\u00e3o tamb\u00e9m pesa no bolso do consumidor. A cesta t\u00edpica de consumo da data comemorativa dever\u00e1 apresentar alta de 5,8% este ano, frente aos 2,5% registrados em 2024. Produtos como joias (+33,7%), chocolates (+21,5%) e perfumes (+9,8%) lideram o aumento de pre\u00e7os. Em contrapartida, eletrodom\u00e9sticos como fog\u00f5es e refrigeradores devem ficar at\u00e9 2,8% mais baratos.<\/p>\n\n\n\n<p><strong>Tempor\u00e1rios no per\u00edodo<\/strong><\/p>\n\n\n\n<p>No Brasil, a segunda data comemorativa mais importante para o varejo ainda deve gerar 29,73 mil vagas tempor\u00e1rias, superando os 28,36 mil postos criados em 2024. Entretanto, a taxa de efetiva\u00e7\u00e3o dos trabalhadores deve cair de 29% para 20%, acompanhando o ritmo mais lento de crescimento das vendas. Os estados de S\u00e3o Paulo (8,6 mil), Minas Gerais (3,3 mil) e Rio de Janeiro (2,3 mil) devem ser os maiores demandantes por tempor\u00e1rios.<\/p>\n","protected":false},"excerpt":{"rendered":"<p>Com proje\u00e7\u00e3o de leve aumento de 0,6% em rela\u00e7\u00e3o \u00e0s vendas de 2024, o Dia das M\u00e3es este ano em Roraima deve movimentar R$ 30,2 milh\u00f5es, de acordo com levantamento da Confedera\u00e7\u00e3o Nacional do Com\u00e9rcio de Bens, Servi\u00e7os e Turismo (CNC). Para o economista da Federa\u00e7\u00e3o do Com\u00e9rcio em Roraima (Fecom\u00e9rcio\/RR), F\u00e1bio Martinez, \u201capesar do [&hellip;]<\/p>\n","protected":false},"author":123458,"featured_media":5687,"comment_status":"closed","ping_status":"closed","sticky":false,"template":"","format":"standard","meta":{"footnotes":""},"categories":[26,20],"tags":[2501,2499,2503,717,2496,2500,721,2497,2502,1477,2498],"class_list":["post-5686","post","type-post","status-publish","format-standard","has-post-thumbnail","hentry","category-economia","category-roraima","tag-acessorios","tag-calcados","tag-chocolates","tag-cnc","tag-dia-das-maes","tag-emprego-temporario","tag-fecomercio","tag-joias","tag-perfumes","tag-vendas","tag-vestuario"],"_links":{"self":[{"href":"https:\/\/amororaima.com.br\/index.php\/wp-json\/wp\/v2\/posts\/5686","targetHints":{"allow":["GET"]}}],"collection":[{"href":"https:\/\/amororaima.com.br\/index.php\/wp-json\/wp\/v2\/posts"}],"about":[{"href":"https:\/\/amororaima.com.br\/index.php\/wp-json\/wp\/v2\/types\/post"}],"author":[{"embeddable":true,"href":"https:\/\/amororaima.com.br\/index.php\/wp-json\/wp\/v2\/users\/123458"}],"replies":[{"embeddable":true,"href":"https:\/\/amororaima.com.br\/index.php\/wp-json\/wp\/v2\/comments?post=5686"}],"version-history":[{"count":5,"href":"https:\/\/amororaima.com.br\/index.php\/wp-json\/wp\/v2\/posts\/5686\/revisions"}],"predecessor-version":[{"id":5694,"href":"https:\/\/amororaima.com.br\/index.php\/wp-json\/wp\/v2\/posts\/5686\/revisions\/5694"}],"wp:featuredmedia":[{"embeddable":true,"href":"https:\/\/amororaima.com.br\/index.php\/wp-json\/wp\/v2\/media\/5687"}],"wp:attachment":[{"href":"https:\/\/amororaima.com.br\/index.php\/wp-json\/wp\/v2\/media?parent=5686"}],"wp:term":[{"taxonomy":"category","embeddable":true,"href":"https:\/\/amororaima.com.br\/index.php\/wp-json\/wp\/v2\/categories?post=5686"},{"taxonomy":"post_tag","embeddable":true,"href":"https:\/\/amororaima.com.br\/index.php\/wp-json\/wp\/v2\/tags?post=5686"}],"curies":[{"name":"wp","href":"https:\/\/api.w.org\/{rel}","templated":true}]}}