{"id":5628,"date":"2025-05-01T12:26:29","date_gmt":"2025-05-01T16:26:29","guid":{"rendered":"https:\/\/amororaima.com.br\/?p=5628"},"modified":"2025-05-01T12:27:36","modified_gmt":"2025-05-01T16:27:36","slug":"advogado-e-alvo-de-operacao-por-estelionato-e-apropriacao-indebita-registro-profissional-foi-suspenso-pela-oab","status":"publish","type":"post","link":"https:\/\/amororaima.com.br\/index.php\/2025\/05\/01\/advogado-e-alvo-de-operacao-por-estelionato-e-apropriacao-indebita-registro-profissional-foi-suspenso-pela-oab\/","title":{"rendered":"Advogado \u00e9 alvo de opera\u00e7\u00e3o por estelionato e apropria\u00e7\u00e3o ind\u00e9bita; registro profissional foi suspenso pela OAB"},"content":{"rendered":"\n<p>Um advogado de 34 anos suspeito de estelionato e apropria\u00e7\u00e3o ind\u00e9bita envolvendo um cliente foi alvo de uma opera\u00e7\u00e3o policial, nesta quarta-feira (30), em Boa Vista.<\/p>\n\n\n\n<p>Agentes do 1\u00ba Distrito Policial (DP) cumpriram tr\u00eas mandados de busca e apreens\u00e3o \u2013 dois em resid\u00eancias nos bairros Cambar\u00e1 e Murilo Teixeira, e um no escrit\u00f3rio do investigado, situado no bairro S\u00e3o Pedro.<\/p>\n\n\n\n<p>Tamb\u00e9m foram executados mandados de sequestro de bens e valores, al\u00e9m da suspens\u00e3o do exerc\u00edcio profissional do advogado, que est\u00e1 temporariamente impedido de atuar pela Ordem dos Advogados do Brasil (OAB).<\/p>\n\n\n\n<p>De acordo com o delegado Vin\u00edcius Souza, do 1\u00ba DP, as investiga\u00e7\u00f5es apontam que os crimes ocorreram no fim de outubro de 2024, quando o advogado representou um cliente preso pela Pol\u00edcia Federal.<\/p>\n\n\n\n<p>\u201cA opera\u00e7\u00e3o, denominada de Patroc\u00ednio Infiel, visa combater crimes praticados por profissionais da advocacia, que se utilizam da confian\u00e7a de seus clientes para agir em benef\u00edcio pr\u00f3prio e em preju\u00edzo do assistido\u201d, disse.<\/p>\n\n\n\n<p>A investiga\u00e7\u00e3o e a opera\u00e7\u00e3o foram coordenadas por Vin\u00edcius Souza, com o apoio dos delegados Pedro Ivo, J\u00e9ssica Muniz e Vin\u00edcius do Vale, do 2\u00ba DP.<\/p>\n","protected":false},"excerpt":{"rendered":"<p>Um advogado de 34 anos suspeito de estelionato e apropria\u00e7\u00e3o ind\u00e9bita envolvendo um cliente foi alvo de uma opera\u00e7\u00e3o policial, nesta quarta-feira (30), em Boa Vista. Agentes do 1\u00ba Distrito Policial (DP) cumpriram tr\u00eas mandados de busca e apreens\u00e3o \u2013 dois em resid\u00eancias nos bairros Cambar\u00e1 e Murilo Teixeira, e um no escrit\u00f3rio do investigado, [&hellip;]<\/p>\n","protected":false},"author":123458,"featured_media":5629,"comment_status":"closed","ping_status":"closed","sticky":false,"template":"","format":"standard","meta":{"footnotes":""},"categories":[34,20],"tags":[105,771,1530,103,970,2468,897,2467,2469],"class_list":["post-5628","post","type-post","status-publish","format-standard","has-post-thumbnail","hentry","category-policia","category-roraima","tag-1o-dp","tag-2o-dp","tag-cambara","tag-estelionato","tag-mandados-de-busca","tag-murilo-teixeira","tag-oab","tag-sao-pedro","tag-sequestro-de-bens"],"_links":{"self":[{"href":"https:\/\/amororaima.com.br\/index.php\/wp-json\/wp\/v2\/posts\/5628","targetHints":{"allow":["GET"]}}],"collection":[{"href":"https:\/\/amororaima.com.br\/index.php\/wp-json\/wp\/v2\/posts"}],"about":[{"href":"https:\/\/amororaima.com.br\/index.php\/wp-json\/wp\/v2\/types\/post"}],"author":[{"embeddable":true,"href":"https:\/\/amororaima.com.br\/index.php\/wp-json\/wp\/v2\/users\/123458"}],"replies":[{"embeddable":true,"href":"https:\/\/amororaima.com.br\/index.php\/wp-json\/wp\/v2\/comments?post=5628"}],"version-history":[{"count":3,"href":"https:\/\/amororaima.com.br\/index.php\/wp-json\/wp\/v2\/posts\/5628\/revisions"}],"predecessor-version":[{"id":5632,"href":"https:\/\/amororaima.com.br\/index.php\/wp-json\/wp\/v2\/posts\/5628\/revisions\/5632"}],"wp:featuredmedia":[{"embeddable":true,"href":"https:\/\/amororaima.com.br\/index.php\/wp-json\/wp\/v2\/media\/5629"}],"wp:attachment":[{"href":"https:\/\/amororaima.com.br\/index.php\/wp-json\/wp\/v2\/media?parent=5628"}],"wp:term":[{"taxonomy":"category","embeddable":true,"href":"https:\/\/amororaima.com.br\/index.php\/wp-json\/wp\/v2\/categories?post=5628"},{"taxonomy":"post_tag","embeddable":true,"href":"https:\/\/amororaima.com.br\/index.php\/wp-json\/wp\/v2\/tags?post=5628"}],"curies":[{"name":"wp","href":"https:\/\/api.w.org\/{rel}","templated":true}]}}