{"id":5532,"date":"2025-04-25T09:41:46","date_gmt":"2025-04-25T13:41:46","guid":{"rendered":"https:\/\/amororaima.com.br\/?p=5532"},"modified":"2025-04-25T09:41:47","modified_gmt":"2025-04-25T13:41:47","slug":"escolegis-abre-45-mil-vagas-para-cursos-gratuitos-na-modalidade-de-educacao-a-distancia-matriculas-podem-ser-feitas-ate-dia-30","status":"publish","type":"post","link":"https:\/\/amororaima.com.br\/index.php\/2025\/04\/25\/escolegis-abre-45-mil-vagas-para-cursos-gratuitos-na-modalidade-de-educacao-a-distancia-matriculas-podem-ser-feitas-ate-dia-30\/","title":{"rendered":"Escolegis abre 45 mil vagas para cursos gratuitos na modalidade de educa\u00e7\u00e3o a dist\u00e2ncia; matr\u00edculas podem ser feitas at\u00e9 dia 30"},"content":{"rendered":"\n<p>A Escola do Legislativo (Escolegis) abriu inscri\u00e7\u00f5es para 20 \u201ctrilhas do conhecimento\u201d em cursos gratuitos de Educa\u00e7\u00e3o a Dist\u00e2ncia (EaD). S\u00e3o oferecidas 45 mil vagas, distribu\u00eddas em diversas \u00e1reas. As matr\u00edculas podem ser feitas pelo site da Assembleia Legislativa <strong>(<a href=\"https:\/\/www.escolegisrr.com.br\/enrollment\" target=\"_blank\" rel=\"noreferrer noopener\">al.rr.leg.br<\/a>)<\/strong>, desta sexta-feira (25) at\u00e9 quarta (30). As aulas ser\u00e3o disponibilizadas na plataforma de 1\u00ba a 30 de maio.<\/p>\n\n\n\n<p>Conforme a diretora da institui\u00e7\u00e3o, Lene Matos, esse novo sistema em trilhas transforma a capacita\u00e7\u00e3o profissional, pois agrupa cursos em pacotes por \u00e1rea e \u201cfacilita para que o aluno tenha um direcionamento e escolha o melhor curso para ele\u201d, destacou.<\/p>\n\n\n\n<p>Lene tamb\u00e9m frisou os benef\u00edcios dos cursos EaD, como a flexibiliza\u00e7\u00e3o de hor\u00e1rios.<\/p>\n\n\n\n<p>\u201cO aluno tem como escolher o hor\u00e1rio que melhor se encaixar \u00e0 sua rotina di\u00e1ria. Lembrando que o inscrito pode optar por at\u00e9 tr\u00eas cursos e precisa assisti-los na \u00edntegra para receber seu certificado ao final\u201d, complementou.<\/p>\n\n\n\n<p><strong>Oportunidades e descobertas<\/strong><\/p>\n\n\n\n<p>Al\u00e9m dos cursos remotos, a Escolegis disp\u00f5e em sua grade de ensino de diversas capacita\u00e7\u00f5es na modalidade presencial, que ajudam a transformar vidas e a diversificar o curr\u00edculo profissional.<\/p>\n\n\n\n<p>Cleyson Castro \u00e9 servidor da Escolegis h\u00e1 tr\u00eas anos. Nesse tempo, ele j\u00e1 se especializou em sete capacita\u00e7\u00f5es que o ajudaram a melhorar o desempenho pessoal e profissional. Atualmente, est\u00e1 no oitavo curso, \u201cComo Falar Melhor em P\u00fablico\u201d, na modalidade remota.<\/p>\n\n\n\n<p>\u201cEstou gostando muito. Ele [curso] est\u00e1 me ajudando a ter mais desenvoltura e a me empoderar. Pelo fato de eu ser formado em Direito, est\u00e1 sendo louv\u00e1vel nesse campo. A professora \u00e9 did\u00e1tica e uso v\u00e1rios aplicativos auxiliares. S\u00f3 tenho a agradecer \u00e0 Escolegis e ao tempo em que estou aqui como servidor\u201d, disse.<\/p>\n\n\n\n<p>A t\u00e9cnica de enfermagem Marcyelly Carvalho \u00e9 aluna da Escolegis h\u00e1 um ano. Ela conta que, apesar da forma\u00e7\u00e3o, est\u00e1 parada e, com os cursos que faz, busca se reconhecer em uma nova \u00e1rea. No total, j\u00e1 foram 13 cursos, sendo dez na modalidade presencial e tr\u00eas remotos.<\/p>\n\n\n\n<p>\u201cJ\u00e1 fiz cursos na minha \u00e1rea e espero que a Escolegis ofere\u00e7a mais no ramo, porque \u00e9 uma \u00f3tima oportunidade de nos capacitarmos. Acredito que quanto mais conhecimentos a gente busque, melhor para o nosso desempenho. Por\u00e9m, estou tentando me descobrir em outras \u00e1reas. Cada curso que fa\u00e7o, tenho uma oportunidade nova. J\u00e1 fiz na \u00e1rea da beleza, agora, na da alimenta\u00e7\u00e3o, e estou amando. At\u00e9 ent\u00e3o, n\u00e3o sei o que eu vou seguir, estou indecisa\u201d, contou.<\/p>\n\n\n\n<p>Esta \u00e9 a primeira experi\u00eancia do estudante \u00cdtalo Bonfim com os ensinos da institui\u00e7\u00e3o. Ele se mudou recentemente para Boa Vista e teve contato com a unidade por meio de uma tia. \u00cdtalo escolheu o curso de \u201cAssistente Administrativo\u201d e enxerga no aprendizado a possibilidade de trabalhar na \u00e1rea.<\/p>\n\n\n\n<p>\u201c\u00c9 um curso muito interessante. A princ\u00edpio, achava que n\u00e3o se aprofundaria. No entanto, ele abrange um leque de setores, como produ\u00e7\u00e3o administrativo-financeira, recursos humanos, entre outros. Est\u00e1 sendo uma experi\u00eancia satisfat\u00f3ria. Quem tiver a oportunidade de conhecer a institui\u00e7\u00e3o, venha. Eu recomendo. Temos que buscar novos meios, para quando aparecer uma boa oportunidade, estarmos qualificados\u201d, argumentou.<\/p>\n\n\n\n<p><strong>Renova\u00e7\u00e3o<\/strong><\/p>\n\n\n\n<p>A Escolegis constantemente renova a grade de cursos e ofertas de vagas. S\u00e3o diversas op\u00e7\u00f5es que v\u00e3o desde a capacita\u00e7\u00e3o das \u00e1reas administrativas, sa\u00fade e educa\u00e7\u00e3o ao empreendedorismo e beleza. Em Boa Vista, a unidade fica na Avenida Venezuela, 1645, bairro Liberdade. As aulas ocorrem de segunda a sexta-feira, das 8h \u00e0s 22h.<\/p>\n\n\n\n<p><strong>Cronograma das trilhas:<\/strong><\/p>\n\n\n\n<p>&nbsp;<strong>1. Trilha de Inform\u00e1tica<\/strong><\/p>\n\n\n\n<p>&nbsp;&nbsp;&nbsp; \u2022 B\u00e1sica (40h)<\/p>\n\n\n\n<p>&nbsp;&nbsp;&nbsp; \u2022 Intermedi\u00e1ria (40h)<\/p>\n\n\n\n<p>&nbsp;&nbsp;&nbsp; \u2022 Avan\u00e7ada (40h)<\/p>\n\n\n\n<p>&nbsp;<strong>2. Trilha de Recursos Humanos<\/strong><\/p>\n\n\n\n<p>&nbsp;&nbsp;&nbsp; \u2022 Gest\u00e3o de Equipes (20h)<\/p>\n\n\n\n<p>&nbsp;&nbsp;&nbsp; \u2022 Assistente de Recursos Humanos (41h)<\/p>\n\n\n\n<p>&nbsp;&nbsp;&nbsp; \u2022 Gest\u00e3o de Pessoas (40h)<\/p>\n\n\n\n<p>&nbsp;<strong>3. Trilha de Vendas<\/strong><\/p>\n\n\n\n<p>&nbsp;&nbsp;&nbsp; \u2022 T\u00e9cnicas de Negocia\u00e7\u00e3o (20h)<\/p>\n\n\n\n<p>&nbsp;&nbsp;&nbsp; \u2022 T\u00e9cnicas de Vendas (40h)<\/p>\n\n\n\n<p>&nbsp;&nbsp;&nbsp; \u2022 Atendimento ao P\u00fablico (40h)<\/p>\n\n\n\n<p>&nbsp;<strong>4. Trilha de Gest\u00e3o Financeira e Or\u00e7ament\u00e1ria<\/strong><\/p>\n\n\n\n<p>&nbsp;&nbsp;&nbsp; \u2022 Gest\u00e3o de Finan\u00e7as Pessoais (12h)<\/p>\n\n\n\n<p>&nbsp;&nbsp;&nbsp; \u2022 Gest\u00e3o Or\u00e7ament\u00e1ria e Financeira P\u00fablica (40h)<\/p>\n\n\n\n<p>&nbsp;&nbsp;&nbsp; \u2022 Lei de Responsabilidade Fiscal (40h)<\/p>\n\n\n\n<p>&nbsp;<strong>5. Trilha de Desenvolvimento Profissional e Comunica\u00e7\u00e3o<\/strong><\/p>\n\n\n\n<p>&nbsp;&nbsp;&nbsp; \u2022 Intelig\u00eancia Emocional (12h)<\/p>\n\n\n\n<p>&nbsp;&nbsp;&nbsp; \u2022 Como Falar Melhor em P\u00fablico (35h)<\/p>\n\n\n\n<p>&nbsp;&nbsp;&nbsp; \u2022 Rela\u00e7\u00f5es Interpessoais no Trabalho (20h)<\/p>\n\n\n\n<p>&nbsp;<strong>6. Trilha de Idiomas \u2013 Ingl\u00eas<\/strong><\/p>\n\n\n\n<p>&nbsp;&nbsp;&nbsp; \u2022 B\u00e1sico (40h)<\/p>\n\n\n\n<p>&nbsp;&nbsp;&nbsp; \u2022 Intermedi\u00e1rio (40h)<\/p>\n\n\n\n<p>&nbsp;&nbsp;&nbsp; \u2022 Avan\u00e7ado (40h)<\/p>\n\n\n\n<p>&nbsp;<strong>7. Trilha de Sa\u00fade e Bem-Estar<\/strong><\/p>\n\n\n\n<p>&nbsp;&nbsp;&nbsp; \u2022 Aromaterapia (16h)<\/p>\n\n\n\n<p>&nbsp;&nbsp;&nbsp; \u2022 Massoterapia (5h)<\/p>\n\n\n\n<p>&nbsp;&nbsp;&nbsp; \u2022 No\u00e7\u00f5es de Primeiros Socorros (40h)<\/p>\n\n\n\n<p><strong>&nbsp;8. Trilha de Gest\u00e3o da Qualidade e Processos<\/strong><\/p>\n\n\n\n<p>&nbsp;&nbsp;&nbsp; \u2022 Entendendo a ISO 14001 (30h),<\/p>\n\n\n\n<p>&nbsp;&nbsp;&nbsp; \u2022 Entendendo a ISO 9001 (35h)<\/p>\n\n\n\n<p>&nbsp;&nbsp;&nbsp; \u2022 Introdu\u00e7\u00e3o ao Mapeamento de Processos (40h)<\/p>\n\n\n\n<p><strong>&nbsp;9. Trilha de Log\u00edstica<\/strong><\/p>\n\n\n\n<p>&nbsp;&nbsp;&nbsp; \u2022 Auxiliar de Log\u00edstica (40h)<\/p>\n\n\n\n<p>&nbsp;&nbsp;&nbsp; \u2022 Auxiliar de Controle de Qualidade (40h)<\/p>\n\n\n\n<p>&nbsp;&nbsp;&nbsp; \u2022 Auxiliar de Almoxarifado (40h)<\/p>\n\n\n\n<p>&nbsp;<strong>10. Trilha de Direito e Gest\u00e3o P\u00fablica<\/strong><\/p>\n\n\n\n<p>&nbsp;&nbsp;&nbsp; \u2022 Introdu\u00e7\u00e3o ao Direito Administrativo (40h)<\/p>\n\n\n\n<p>&nbsp;&nbsp;&nbsp; \u2022 Introdu\u00e7\u00e3o ao Direito Constitucional (40h)<\/p>\n\n\n\n<p>&nbsp;&nbsp;&nbsp; \u2022 Processo Legislativo Constitucional (40h)<\/p>\n\n\n\n<p>&nbsp;<strong>11. Trilha de Departamento Pessoal<\/strong><\/p>\n\n\n\n<p>&nbsp;&nbsp;&nbsp; \u2022 Auxiliar de Departamento Pessoal &#8211; No\u00e7\u00f5es B\u00e1sicas (40h)<\/p>\n\n\n\n<p>&nbsp;&nbsp;&nbsp; \u2022 Assistente de Departamento Pessoal (42h)<\/p>\n\n\n\n<p>&nbsp;&nbsp;&nbsp; \u2022 T\u00e9cnicas para Curr\u00edculo, Entrevista e Apresenta\u00e7\u00e3o pessoal (12h)<\/p>\n\n\n\n<p>&nbsp;<strong>12. Trilha de Educa\u00e7\u00e3o e Inclus\u00e3o<\/strong><\/p>\n\n\n\n<p>&nbsp;&nbsp;&nbsp; \u2022 Educa\u00e7\u00e3o Especial (40h)<\/p>\n\n\n\n<p>&nbsp;&nbsp;&nbsp; \u2022 Promovendo a socializa\u00e7\u00e3o &#8211; estrat\u00e9gias e pr\u00e1ticas para crian\u00e7as com TEA (10h)<\/p>\n\n\n\n<p>&nbsp;&nbsp;&nbsp; \u2022 Inclus\u00e3o e oportunidades: mercado de trabalho, legisla\u00e7\u00e3o e direitos para PCDs (10h)<\/p>\n\n\n\n<p>&nbsp;<strong>13. Trilha de Hospitalidade e Eventos<\/strong><\/p>\n\n\n\n<p>&nbsp;&nbsp;&nbsp; \u2022 Auxiliar de Hotelaria (21h)<\/p>\n\n\n\n<p>&nbsp;&nbsp;&nbsp; \u2022 Camareira (10h)<\/p>\n\n\n\n<p>&nbsp;&nbsp;&nbsp; \u2022 Gest\u00e3o de Eventos (40h)<\/p>\n\n\n\n<p>&nbsp;<strong>14. Trilha de Administra\u00e7\u00e3o<\/strong><\/p>\n\n\n\n<p>&nbsp;&nbsp;&nbsp; \u2022 Auxiliar Administrativo (40h)<\/p>\n\n\n\n<p>&nbsp;&nbsp;&nbsp; \u2022 Assistente Administrativo (40h)<\/p>\n\n\n\n<p>&nbsp;&nbsp;&nbsp; \u2022 Desenvolvendo Compet\u00eancias de Lideran\u00e7a (20h)<\/p>\n\n\n\n<p>&nbsp;<strong>15. Trilha de Marketing Digital<\/strong><\/p>\n\n\n\n<p>&nbsp;&nbsp;&nbsp; \u2022 Gest\u00e3o de M\u00eddias Sociais (20h)<\/p>\n\n\n\n<p>&nbsp;&nbsp;&nbsp; \u2022 Social Media e Marketing (40h)<\/p>\n\n\n\n<p>&nbsp;&nbsp;&nbsp; \u2022 Stories que Conectam (16h)<\/p>\n\n\n\n<p>&nbsp;<strong>16. Trilha de Monitoria e Gest\u00e3o de Ambientes Educativos<\/strong><\/p>\n\n\n\n<p>&nbsp;&nbsp;&nbsp; \u2022 Monitor Escolar (40h)<\/p>\n\n\n\n<p>&nbsp;&nbsp;&nbsp; \u2022 Recrea\u00e7\u00e3o Infantil (40h)<\/p>\n\n\n\n<p>&nbsp;&nbsp;&nbsp; \u2022 Gest\u00e3o de Equipes (20h)<\/p>\n\n\n\n<p>&nbsp;<strong>17. Trilha de Libras<\/strong><\/p>\n\n\n\n<p>&nbsp;&nbsp;&nbsp; \u2022 B\u00e1sico (40h)<\/p>\n\n\n\n<p>&nbsp;&nbsp;&nbsp; \u2022 Intermedi\u00e1rio (40h)<\/p>\n\n\n\n<p>&nbsp;&nbsp;&nbsp; \u2022 Avan\u00e7ado (40h)<\/p>\n\n\n\n<p>&nbsp;<strong>18. Trilha de Atendimento em Estabelecimentos Comerciais e de Sa\u00fade<\/strong><\/p>\n\n\n\n<p>&nbsp;&nbsp;&nbsp; \u2022 Operador de Caixa (40h)<\/p>\n\n\n\n<p>&nbsp;&nbsp;&nbsp; \u2022 Atendente de Farm\u00e1cia (40h)<\/p>\n\n\n\n<p>&nbsp;&nbsp;&nbsp; \u2022 T\u00e9cnicas de Recepcionistas para Cl\u00ednicas M\u00e9dicas e Odontol\u00f3gicas (40h)<\/p>\n\n\n\n<p>&nbsp;<strong>19. Trilha de Idiomas \u2013 Espanhol<\/strong><\/p>\n\n\n\n<p>&nbsp;&nbsp;&nbsp; \u2022 B\u00e1sico (40h)<\/p>\n\n\n\n<p>&nbsp;&nbsp;&nbsp; \u2022 Intermedi\u00e1rio (40h)<\/p>\n\n\n\n<p>&nbsp;&nbsp;&nbsp; \u2022 Avan\u00e7ado (40h)<\/p>\n\n\n\n<p>&nbsp;<strong>20. Trilha de Ferramentas para Redes Sociais<\/strong><\/p>\n\n\n\n<p>&nbsp;&nbsp;&nbsp; \u2022 Edi\u00e7\u00e3o de V\u00eddeo para Redes Sociais (20h)<\/p>\n\n\n\n<p>&nbsp;&nbsp;&nbsp; \u2022 Dominando o Canva: Design Criativo e Profissional (17h)<\/p>\n\n\n\n<p>&nbsp;&nbsp;&nbsp; \u2022 Branding Pessoal e Posicionamento de Marca (18h)<\/p>\n","protected":false},"excerpt":{"rendered":"<p>A Escola do Legislativo (Escolegis) abriu inscri\u00e7\u00f5es para 20 \u201ctrilhas do conhecimento\u201d em cursos gratuitos de Educa\u00e7\u00e3o a Dist\u00e2ncia (EaD). S\u00e3o oferecidas 45 mil vagas, distribu\u00eddas em diversas \u00e1reas. As matr\u00edculas podem ser feitas pelo site da Assembleia Legislativa (al.rr.leg.br), desta sexta-feira (25) at\u00e9 quarta (30). As aulas ser\u00e3o disponibilizadas na plataforma de 1\u00ba a [&hellip;]<\/p>\n","protected":false},"author":123458,"featured_media":4911,"comment_status":"closed","ping_status":"closed","sticky":false,"template":"","format":"standard","meta":{"footnotes":""},"categories":[29,20],"tags":[71,2402,2035,70,2127],"class_list":["post-5532","post","type-post","status-publish","format-standard","has-post-thumbnail","hentry","category-educacao","category-roraima","tag-ale-rr","tag-cursos-gratuitos","tag-ead","tag-escolegis","tag-trilhas-do-conhecimento"],"_links":{"self":[{"href":"https:\/\/amororaima.com.br\/index.php\/wp-json\/wp\/v2\/posts\/5532","targetHints":{"allow":["GET"]}}],"collection":[{"href":"https:\/\/amororaima.com.br\/index.php\/wp-json\/wp\/v2\/posts"}],"about":[{"href":"https:\/\/amororaima.com.br\/index.php\/wp-json\/wp\/v2\/types\/post"}],"author":[{"embeddable":true,"href":"https:\/\/amororaima.com.br\/index.php\/wp-json\/wp\/v2\/users\/123458"}],"replies":[{"embeddable":true,"href":"https:\/\/amororaima.com.br\/index.php\/wp-json\/wp\/v2\/comments?post=5532"}],"version-history":[{"count":1,"href":"https:\/\/amororaima.com.br\/index.php\/wp-json\/wp\/v2\/posts\/5532\/revisions"}],"predecessor-version":[{"id":5533,"href":"https:\/\/amororaima.com.br\/index.php\/wp-json\/wp\/v2\/posts\/5532\/revisions\/5533"}],"wp:featuredmedia":[{"embeddable":true,"href":"https:\/\/amororaima.com.br\/index.php\/wp-json\/wp\/v2\/media\/4911"}],"wp:attachment":[{"href":"https:\/\/amororaima.com.br\/index.php\/wp-json\/wp\/v2\/media?parent=5532"}],"wp:term":[{"taxonomy":"category","embeddable":true,"href":"https:\/\/amororaima.com.br\/index.php\/wp-json\/wp\/v2\/categories?post=5532"},{"taxonomy":"post_tag","embeddable":true,"href":"https:\/\/amororaima.com.br\/index.php\/wp-json\/wp\/v2\/tags?post=5532"}],"curies":[{"name":"wp","href":"https:\/\/api.w.org\/{rel}","templated":true}]}}