{"id":5504,"date":"2025-04-23T16:52:49","date_gmt":"2025-04-23T20:52:49","guid":{"rendered":"https:\/\/amororaima.com.br\/?p=5504"},"modified":"2025-04-23T16:52:49","modified_gmt":"2025-04-23T20:52:49","slug":"policia-prende-venezuelano-por-trafico-de-drogas-e-apreende-arma-municoes-cocaina-e-maconha-em-rorainopolis","status":"publish","type":"post","link":"https:\/\/amororaima.com.br\/index.php\/2025\/04\/23\/policia-prende-venezuelano-por-trafico-de-drogas-e-apreende-arma-municoes-cocaina-e-maconha-em-rorainopolis\/","title":{"rendered":"Pol\u00edcia prende venezuelano por tr\u00e1fico de drogas e apreende arma, muni\u00e7\u00f5es, coca\u00edna e maconha em Rorain\u00f3polis"},"content":{"rendered":"\n<p>Um venezuelano de 32 anos foi preso em flagrante, na noite de segunda-feira (21), por tr\u00e1fico de drogas e porte ilegal de arma em Rorain\u00f3polis, sul de Roraima. As informa\u00e7\u00f5es foram divulgadas pela Pol\u00edcia Civil nesta quarta (23). A pris\u00e3o foi resultado de um trabalho integrado com a Pol\u00edcia Militar.<\/p>\n\n\n\n<p>O acusado, que reside no munic\u00edpio h\u00e1 seis anos, estava sendo monitorado pelas pol\u00edcias Civil e Militar, conforme destacou o delegado Rick da Silva.<\/p>\n\n\n\n<p>\u201cAs apura\u00e7\u00f5es apontavam que o investigado atuava no tr\u00e1fico de drogas em Rorain\u00f3polis e, na segunda-feira, as dilig\u00eancias se intensificaram\u201d, detalhou.<\/p>\n\n\n\n<p>O homem foi preso ap\u00f3s ser abordado por uma equipe da PM.<\/p>\n\n\n\n<p>\u201cDurante a abordagem, ele, que estava em uma motocicleta, descartou um material ao ch\u00e3o ao perceber a presen\u00e7a dos policiais. Depois de verifica\u00e7\u00e3o durante as buscas, constatou-se que se tratava de entorpecente\u201d, disse Rick da Silva.<\/p>\n\n\n\n<p>A persegui\u00e7\u00e3o seguiu at\u00e9 entrar rapidamente em uma resid\u00eancia, onde foi preso. O c\u00e3o farejador da PM em Rorain\u00f3polis auxiliou na inspe\u00e7\u00e3o do im\u00f3vel.<\/p>\n\n\n\n<p>Durante a busca, foram encontrados uma arma de fogo calibre 38 com numera\u00e7\u00e3o ileg\u00edvel, 26 gramas de coca\u00edna, 820 gramas de pasta base de coca\u00edna, 30 muni\u00e7\u00f5es de calibre 38, 670 gramas de maconha, um ma\u00e7arico, um celular e tr\u00eas balan\u00e7as de precis\u00e3o. Os policiais apreenderam ainda uma motocicleta Titan 125.<\/p>\n\n\n\n<p>Em interrogat\u00f3rio, o venezuelano confessou que vendia drogas na cidade h\u00e1 cerca de dois anos. Ele tamb\u00e9m relatou que come\u00e7ou a traficar ap\u00f3s um colombiano pedir para que armazenasse os entorpecentes em sua barbearia. <\/p>\n\n\n\n<p>Autuado em flagrante pelos crimes, o homem foi encaminhado para a audi\u00eancia de cust\u00f3dia e permanece \u00e0 disposi\u00e7\u00e3o da Justi\u00e7a.<\/p>\n","protected":false},"excerpt":{"rendered":"<p>Um venezuelano de 32 anos foi preso em flagrante, na noite de segunda-feira (21), por tr\u00e1fico de drogas e porte ilegal de arma em Rorain\u00f3polis, sul de Roraima. As informa\u00e7\u00f5es foram divulgadas pela Pol\u00edcia Civil nesta quarta (23). A pris\u00e3o foi resultado de um trabalho integrado com a Pol\u00edcia Militar. O acusado, que reside no [&hellip;]<\/p>\n","protected":false},"author":123458,"featured_media":5505,"comment_status":"closed","ping_status":"closed","sticky":false,"template":"","format":"standard","meta":{"footnotes":""},"categories":[34,20],"tags":[203,62,55,196,2185,227,145],"class_list":["post-5504","post","type-post","status-publish","format-standard","has-post-thumbnail","hentry","category-policia","category-roraima","tag-audiencia-de-custodia","tag-justica","tag-policia-civil-2","tag-policia-militar-2","tag-porte-ilegal-de-arma","tag-rorainopolis","tag-trafico-de-drogas"],"_links":{"self":[{"href":"https:\/\/amororaima.com.br\/index.php\/wp-json\/wp\/v2\/posts\/5504","targetHints":{"allow":["GET"]}}],"collection":[{"href":"https:\/\/amororaima.com.br\/index.php\/wp-json\/wp\/v2\/posts"}],"about":[{"href":"https:\/\/amororaima.com.br\/index.php\/wp-json\/wp\/v2\/types\/post"}],"author":[{"embeddable":true,"href":"https:\/\/amororaima.com.br\/index.php\/wp-json\/wp\/v2\/users\/123458"}],"replies":[{"embeddable":true,"href":"https:\/\/amororaima.com.br\/index.php\/wp-json\/wp\/v2\/comments?post=5504"}],"version-history":[{"count":1,"href":"https:\/\/amororaima.com.br\/index.php\/wp-json\/wp\/v2\/posts\/5504\/revisions"}],"predecessor-version":[{"id":5506,"href":"https:\/\/amororaima.com.br\/index.php\/wp-json\/wp\/v2\/posts\/5504\/revisions\/5506"}],"wp:featuredmedia":[{"embeddable":true,"href":"https:\/\/amororaima.com.br\/index.php\/wp-json\/wp\/v2\/media\/5505"}],"wp:attachment":[{"href":"https:\/\/amororaima.com.br\/index.php\/wp-json\/wp\/v2\/media?parent=5504"}],"wp:term":[{"taxonomy":"category","embeddable":true,"href":"https:\/\/amororaima.com.br\/index.php\/wp-json\/wp\/v2\/categories?post=5504"},{"taxonomy":"post_tag","embeddable":true,"href":"https:\/\/amororaima.com.br\/index.php\/wp-json\/wp\/v2\/tags?post=5504"}],"curies":[{"name":"wp","href":"https:\/\/api.w.org\/{rel}","templated":true}]}}