{"id":5481,"date":"2025-04-19T13:09:50","date_gmt":"2025-04-19T17:09:50","guid":{"rendered":"https:\/\/amororaima.com.br\/?p=5481"},"modified":"2025-04-19T13:15:41","modified_gmt":"2025-04-19T17:15:41","slug":"acusado-de-ser-mandante-de-assassinato-e-condenado-por-abusar-da-filha-telmario-vai-para-prisao-domiciliar-por-problemas-de-saude","status":"publish","type":"post","link":"https:\/\/amororaima.com.br\/index.php\/2025\/04\/19\/acusado-de-ser-mandante-de-assassinato-e-condenado-por-abusar-da-filha-telmario-vai-para-prisao-domiciliar-por-problemas-de-saude\/","title":{"rendered":"Acusado de ser mandante de assassinato e condenado por abusar da filha, Telm\u00e1rio vai para pris\u00e3o domiciliar \u2018por problemas de sa\u00fade\u2019"},"content":{"rendered":"\n<p>Uma decis\u00e3o do Tribunal de Justi\u00e7a do Estado de&nbsp;Roraima&nbsp;concedeu pris\u00e3o domiciliar para o ex-senador Telm\u00e1rio Mota, 67. Ele estava preso em regime fechado&nbsp;desde o final de 2023.<\/p>\n\n\n\n<p>De acordo com seu advogado, Diego Rodrigues, ele deixou a pris\u00e3o na quinta-feira (17) por volta das 16h30.<\/p>\n\n\n\n<p>Telm\u00e1rio foi condenado por importuna\u00e7\u00e3o sexual contra a filha a uma pena de 8 anos e 2 meses de reclus\u00e3o e ainda \u00e9 acusado do assassinato da m\u00e3e dela. Ele \u00e9 suspeito de ter sido o&nbsp;mandante do crime, mas nega.<\/p>\n\n\n\n<p>Em rela\u00e7\u00e3o ao processo de homic\u00eddio, ainda n\u00e3o h\u00e1 senten\u00e7a. Ant\u00f4nia Ara\u00fajo Souza foi morta com um tiro na cabe\u00e7a em 29 de setembro de 2023, em Boa Vista. O crime ocorreu um ano ap\u00f3s ela denunciar Mota por importuna\u00e7\u00e3o sexual contra a filha adolescente deles, em meio \u00e0 campanha de reelei\u00e7\u00e3o ao Senado em 2022. Ele estava filiado ao Pros e n\u00e3o se reelegeu.<\/p>\n\n\n\n<p>O habeas corpus foi assinado na quarta-feira (16) pelo desembargador Ricardo Oliveira.<\/p>\n\n\n\n<p>&#8220;Restou demonstrado que o paciente necessita de acompanhamento m\u00e9dico espec\u00edfico, o qual n\u00e3o vem sendo devidamente ofertado no sistema prisional, n\u00e3o sendo razo\u00e1vel que a autoridade coatora despreze a conclus\u00e3o dos laudos m\u00e9dicos apresentados&#8221;, diz trecho da liminar.<\/p>\n\n\n\n<p>Em nota \u00e0&nbsp;reportagem, o advogado afirmou que, desde que Telm\u00e1rio entrou no sistema prisional, &#8220;j\u00e1 apresentava sinais de problemas card\u00edacos, apneia do sono, joelho e at\u00e9 pr\u00f3stata&#8221;.<\/p>\n\n\n\n<p>&#8220;Com o passar do tempo, tais problemas se agravaram com desejos suicidas&#8221;, acrescentou ele. &#8220;Caso ele continuasse no sistema, com certeza iria chegar a \u00f3bito&#8221;, acrescentou a defesa.<\/p>\n\n\n\n<p>Em seu despacho, o magistrado definiu que o habeas corpus \u00e9 v\u00e1lido por 60 dias, quando Telm\u00e1rio dever\u00e1 passar por uma nova avalia\u00e7\u00e3o m\u00e9dica.<\/p>\n\n\n\n<p>&#8220;Faz-se necess\u00e1ria a avalia\u00e7\u00e3o peri\u00f3dica da perman\u00eancia da situa\u00e7\u00e3o excepcional que ensejou a concess\u00e3o do benef\u00edcio, sob pena de transformar em regra a exce\u00e7\u00e3o&#8221;, observou o desembargador.<\/p>\n\n\n\n<p>Conforme a liminar, o ex-senador usar\u00e1 tornozeleira eletr\u00f4nica e s\u00f3 poder\u00e1 se ausentar de sua resid\u00eancia para atendimento m\u00e9dico ou com autoriza\u00e7\u00e3o judicial, nos demais casos.<\/p>\n\n\n\n<p><strong><em>Com informa\u00e7\u00f5es da Folha de S\u00e3o Paulo<\/em><\/strong><\/p>\n","protected":false},"excerpt":{"rendered":"<p>Uma decis\u00e3o do Tribunal de Justi\u00e7a do Estado de&nbsp;Roraima&nbsp;concedeu pris\u00e3o domiciliar para o ex-senador Telm\u00e1rio Mota, 67. Ele estava preso em regime fechado&nbsp;desde o final de 2023. De acordo com seu advogado, Diego Rodrigues, ele deixou a pris\u00e3o na quinta-feira (17) por volta das 16h30. Telm\u00e1rio foi condenado por importuna\u00e7\u00e3o sexual contra a filha a [&hellip;]<\/p>\n","protected":false},"author":123458,"featured_media":5484,"comment_status":"open","ping_status":"open","sticky":false,"template":"","format":"standard","meta":{"footnotes":""},"categories":[34,20],"tags":[2368,2369,99,62,286,2367],"class_list":["post-5481","post","type-post","status-publish","format-standard","has-post-thumbnail","hentry","category-policia","category-roraima","tag-abuso-sexual","tag-habeas-corpus","tag-homicidio","tag-justica","tag-sistema-prisional","tag-telmario-mota"],"_links":{"self":[{"href":"https:\/\/amororaima.com.br\/index.php\/wp-json\/wp\/v2\/posts\/5481","targetHints":{"allow":["GET"]}}],"collection":[{"href":"https:\/\/amororaima.com.br\/index.php\/wp-json\/wp\/v2\/posts"}],"about":[{"href":"https:\/\/amororaima.com.br\/index.php\/wp-json\/wp\/v2\/types\/post"}],"author":[{"embeddable":true,"href":"https:\/\/amororaima.com.br\/index.php\/wp-json\/wp\/v2\/users\/123458"}],"replies":[{"embeddable":true,"href":"https:\/\/amororaima.com.br\/index.php\/wp-json\/wp\/v2\/comments?post=5481"}],"version-history":[{"count":3,"href":"https:\/\/amororaima.com.br\/index.php\/wp-json\/wp\/v2\/posts\/5481\/revisions"}],"predecessor-version":[{"id":5485,"href":"https:\/\/amororaima.com.br\/index.php\/wp-json\/wp\/v2\/posts\/5481\/revisions\/5485"}],"wp:featuredmedia":[{"embeddable":true,"href":"https:\/\/amororaima.com.br\/index.php\/wp-json\/wp\/v2\/media\/5484"}],"wp:attachment":[{"href":"https:\/\/amororaima.com.br\/index.php\/wp-json\/wp\/v2\/media?parent=5481"}],"wp:term":[{"taxonomy":"category","embeddable":true,"href":"https:\/\/amororaima.com.br\/index.php\/wp-json\/wp\/v2\/categories?post=5481"},{"taxonomy":"post_tag","embeddable":true,"href":"https:\/\/amororaima.com.br\/index.php\/wp-json\/wp\/v2\/tags?post=5481"}],"curies":[{"name":"wp","href":"https:\/\/api.w.org\/{rel}","templated":true}]}}