{"id":5290,"date":"2025-04-05T11:20:00","date_gmt":"2025-04-05T15:20:00","guid":{"rendered":"https:\/\/amororaima.com.br\/?p=5290"},"modified":"2025-04-05T16:58:03","modified_gmt":"2025-04-05T20:58:03","slug":"suspeito-de-estuprar-duas-criancas-e-preso-na-zona-oeste-de-boa-vista-homem-e-casado-com-tia-materna-das-vitimas","status":"publish","type":"post","link":"https:\/\/amororaima.com.br\/index.php\/2025\/04\/05\/suspeito-de-estuprar-duas-criancas-e-preso-na-zona-oeste-de-boa-vista-homem-e-casado-com-tia-materna-das-vitimas\/","title":{"rendered":"Suspeito de estuprar duas crian\u00e7as \u00e9 preso na zona oeste de Boa Vista; homem \u00e9 casado com tia materna das v\u00edtimas"},"content":{"rendered":"\n<p id=\"block-226a511f-5b15-4d1e-8046-16205108e961\">Um pedreiro foi preso, nesta sexta-feira (4), no bairro S\u00e3o Bento, zona oeste de Boa Vista, suspeito de estuprar duas crian\u00e7as, de 8 e 12 anos.<\/p>\n\n\n\n<p id=\"block-bf8ff10a-d3a7-4188-81d5-d251819be4b2\">De acordo com a respons\u00e1vel pela Delegacia de Prote\u00e7\u00e3o \u00e0 Crian\u00e7a e ao Adolescente (DPCA), Jaira Faria, o homem, de 36 anos, \u00e9 considerado tio por afinidade dos dois irm\u00e3os, sendo casado com uma tia materna das v\u00edtimas.<\/p>\n\n\n\n<p id=\"block-bbbf82f6-2d4b-4605-b02e-db3d687f83e9\">As investiga\u00e7\u00f5es apontam que o crime ocorria na casa do suspeito, nos momentos em que a m\u00e3e das crian\u00e7as n\u00e3o estava presente.<\/p>\n\n\n\n<p id=\"block-a8dc2a7f-94d0-4172-b74e-510d9c2dc77f\">Al\u00e9m disso, uma das v\u00edtimas relatou que os abusos tamb\u00e9m aconteciam na resid\u00eancia da av\u00f3, quando ela sa\u00eda para trabalhar. Segundo os depoimentos, o homem oferecia R$ 2 para as crian\u00e7as e as amea\u00e7ava para que n\u00e3o contassem nada a ningu\u00e9m.<\/p>\n\n\n\n<p id=\"block-a739370e-6c1c-4e70-9b07-69f14191740e\">O caso veio \u00e0 tona depois que os irm\u00e3os comentaram sobre a situa\u00e7\u00e3o com colegas na escola. A dire\u00e7\u00e3o da institui\u00e7\u00e3o acionou o Conselho Tutelar, que notificou a m\u00e3e das v\u00edtimas e a Pol\u00edcia Civil.<\/p>\n\n\n\n<p id=\"block-8f5a7173-b9bb-414f-ad5a-b39072cbf89f\">Uma das v\u00edtimas relatou ainda ter visto o \u201ctio\u201d abusar sexualmente do pr\u00f3prio filho e reafirmou que ele tamb\u00e9m era amea\u00e7ado constantemente para que n\u00e3o relatasse os abusos.<\/p>\n\n\n\n<p id=\"block-4f23c0c5-f550-4503-80d5-100d4785001d\">A delegada representou pela pris\u00e3o preventiva do pedreiro, e a Justi\u00e7a a deferiu.<\/p>\n\n\n\n<p id=\"block-6666a82b-8c8d-4dec-a4f1-3de447e8bb3b\">Ele foi preso e encaminhado para a sede da DPCA, onde teve a pris\u00e3o formalizada, sendo em seguida conduzido para audi\u00eancia de cust\u00f3dia.<\/p>\n","protected":false},"excerpt":{"rendered":"<p>Um pedreiro foi preso, nesta sexta-feira (4), no bairro S\u00e3o Bento, zona oeste de Boa Vista, suspeito de estuprar duas crian\u00e7as, de 8 e 12 anos. De acordo com a respons\u00e1vel pela Delegacia de Prote\u00e7\u00e3o \u00e0 Crian\u00e7a e ao Adolescente (DPCA), Jaira Faria, o homem, de 36 anos, \u00e9 considerado tio por afinidade dos dois [&hellip;]<\/p>\n","protected":false},"author":123458,"featured_media":5291,"comment_status":"closed","ping_status":"closed","sticky":false,"template":"","format":"standard","meta":{"footnotes":""},"categories":[34,20],"tags":[2283,111,59,273,275,55,240],"class_list":["post-5290","post","type-post","status-publish","format-standard","has-post-thumbnail","hentry","category-policia","category-roraima","tag-bairro-sao-bento","tag-boa-vista","tag-conselho-tutelar","tag-dpca","tag-estupro-de-vulneravel","tag-policia-civil-2","tag-zona-oeste"],"_links":{"self":[{"href":"https:\/\/amororaima.com.br\/index.php\/wp-json\/wp\/v2\/posts\/5290","targetHints":{"allow":["GET"]}}],"collection":[{"href":"https:\/\/amororaima.com.br\/index.php\/wp-json\/wp\/v2\/posts"}],"about":[{"href":"https:\/\/amororaima.com.br\/index.php\/wp-json\/wp\/v2\/types\/post"}],"author":[{"embeddable":true,"href":"https:\/\/amororaima.com.br\/index.php\/wp-json\/wp\/v2\/users\/123458"}],"replies":[{"embeddable":true,"href":"https:\/\/amororaima.com.br\/index.php\/wp-json\/wp\/v2\/comments?post=5290"}],"version-history":[{"count":1,"href":"https:\/\/amororaima.com.br\/index.php\/wp-json\/wp\/v2\/posts\/5290\/revisions"}],"predecessor-version":[{"id":5292,"href":"https:\/\/amororaima.com.br\/index.php\/wp-json\/wp\/v2\/posts\/5290\/revisions\/5292"}],"wp:featuredmedia":[{"embeddable":true,"href":"https:\/\/amororaima.com.br\/index.php\/wp-json\/wp\/v2\/media\/5291"}],"wp:attachment":[{"href":"https:\/\/amororaima.com.br\/index.php\/wp-json\/wp\/v2\/media?parent=5290"}],"wp:term":[{"taxonomy":"category","embeddable":true,"href":"https:\/\/amororaima.com.br\/index.php\/wp-json\/wp\/v2\/categories?post=5290"},{"taxonomy":"post_tag","embeddable":true,"href":"https:\/\/amororaima.com.br\/index.php\/wp-json\/wp\/v2\/tags?post=5290"}],"curies":[{"name":"wp","href":"https:\/\/api.w.org\/{rel}","templated":true}]}}