{"id":5267,"date":"2025-04-03T18:29:16","date_gmt":"2025-04-03T22:29:16","guid":{"rendered":"https:\/\/amororaima.com.br\/?p=5267"},"modified":"2025-04-03T18:29:16","modified_gmt":"2025-04-03T22:29:16","slug":"suspeito-de-estuprar-crianca-durante-dois-anos-autonomo-e-preso-no-interior-de-roraima","status":"publish","type":"post","link":"https:\/\/amororaima.com.br\/index.php\/2025\/04\/03\/suspeito-de-estuprar-crianca-durante-dois-anos-autonomo-e-preso-no-interior-de-roraima\/","title":{"rendered":"Suspeito de estuprar crian\u00e7a durante dois anos, aut\u00f4nomo \u00e9 preso no interior de Roraima"},"content":{"rendered":"\n<p id=\"block-9d17376d-2870-4356-a929-152016dd513d\">Um aut\u00f4nomo foi preso em Alto Alegre, nesta quarta (2), suspeito de estuprar uma crian\u00e7a durante dois anos. O caso veio \u00e0 tona ap\u00f3s uma den\u00fancia an\u00f4nima ao Conselho Tutelar do munic\u00edpio. As informa\u00e7\u00f5es foram divulgadas pela Pol\u00edcia Civil na tarde desta quinta-feira (3).<\/p>\n\n\n\n<p id=\"block-dd623935-610f-442b-83ff-6a189e6edae5\">O mandado de pris\u00e3o preventiva foi cumprido na Vila S\u00e3o Silvestre, zona rural de Alto Alegre. Segundo o delegado Vin\u00edcius Quadros, o homem \u00e9 investigado por estuprar repetidas vezes a v\u00edtima, atualmente com 12, desde que ela tinha 10 anos de idade.<\/p>\n\n\n\n<p id=\"block-329fcaab-a31a-4350-a496-43eba5ea9a94\">&#8220;A investiga\u00e7\u00e3o teve in\u00edcio a partir do relat\u00f3rio apresentado pelo Conselho Tutelar do munic\u00edpio. Sem nenhum grau de parentesco, o aut\u00f4nomo e a v\u00edtima moravam na mesma casa. As dilig\u00eancias investigativas apontam que, sem o conhecimento dos tutores dela, que morava com os tios, o autor a coagia a manter rela\u00e7\u00f5es sexuais e \u00e0 pr\u00e1tica de atos libidinosos. Chegou a oferecer dinheiro. N\u00e3o usava preservativo nas rela\u00e7\u00f5es e a amea\u00e7ava, caso ela relatasse os fatos a algu\u00e9m&#8221;, detalhou Quadros.<\/p>\n\n\n\n<p id=\"block-9608291a-d7df-4f69-81e2-e974c566259a\">Com o aprofundamento das investiga\u00e7\u00f5es, na ter\u00e7a-feira (1\u2070) foi pedida \u00e0 Justi\u00e7a a pris\u00e3o preventiva, imediatamente deferida pelo Ju\u00edzo da Comarca de Alto Alegre.<\/p>\n\n\n\n<p id=\"block-02cce9be-a3c1-470c-a4b1-11731c021b75\">&#8220;Em menos de 24 horas, se decretou a pris\u00e3o e a equipe da Se\u00e7\u00e3o de Investiga\u00e7\u00e3o e Opera\u00e7\u00e3o iniciou as dilig\u00eancias para localiz\u00e1-lo e captur\u00e1-lo&#8221;, explicou o delegado.<\/p>\n\n\n\n<p id=\"block-2f4cd637-9bca-4716-90ff-7aa21169cfa9\">O homem, de 36 anos, foi levado \u00e0 sede da delegacia de Alto Alegre, onde foi interrogado, teve a determina\u00e7\u00e3o judicial formalizada, sendo em seguida encaminhado para audi\u00eancia de cust\u00f3dia. Nesta quinta-feira, a Justi\u00e7a homologou a pris\u00e3o e o conduziu ao sistema prisional.<\/p>\n","protected":false},"excerpt":{"rendered":"<p>Um aut\u00f4nomo foi preso em Alto Alegre, nesta quarta (2), suspeito de estuprar uma crian\u00e7a durante dois anos. O caso veio \u00e0 tona ap\u00f3s uma den\u00fancia an\u00f4nima ao Conselho Tutelar do munic\u00edpio. As informa\u00e7\u00f5es foram divulgadas pela Pol\u00edcia Civil na tarde desta quinta-feira (3). O mandado de pris\u00e3o preventiva foi cumprido na Vila S\u00e3o Silvestre, [&hellip;]<\/p>\n","protected":false},"author":123458,"featured_media":5268,"comment_status":"closed","ping_status":"closed","sticky":false,"template":"","format":"standard","meta":{"footnotes":""},"categories":[34,20],"tags":[202,59,275,62,55,988,530],"class_list":["post-5267","post","type-post","status-publish","format-standard","has-post-thumbnail","hentry","category-policia","category-roraima","tag-alto-alegre","tag-conselho-tutelar","tag-estupro-de-vulneravel","tag-justica","tag-policia-civil-2","tag-prisao-preventiva","tag-vila-sao-silvestre"],"_links":{"self":[{"href":"https:\/\/amororaima.com.br\/index.php\/wp-json\/wp\/v2\/posts\/5267","targetHints":{"allow":["GET"]}}],"collection":[{"href":"https:\/\/amororaima.com.br\/index.php\/wp-json\/wp\/v2\/posts"}],"about":[{"href":"https:\/\/amororaima.com.br\/index.php\/wp-json\/wp\/v2\/types\/post"}],"author":[{"embeddable":true,"href":"https:\/\/amororaima.com.br\/index.php\/wp-json\/wp\/v2\/users\/123458"}],"replies":[{"embeddable":true,"href":"https:\/\/amororaima.com.br\/index.php\/wp-json\/wp\/v2\/comments?post=5267"}],"version-history":[{"count":1,"href":"https:\/\/amororaima.com.br\/index.php\/wp-json\/wp\/v2\/posts\/5267\/revisions"}],"predecessor-version":[{"id":5269,"href":"https:\/\/amororaima.com.br\/index.php\/wp-json\/wp\/v2\/posts\/5267\/revisions\/5269"}],"wp:featuredmedia":[{"embeddable":true,"href":"https:\/\/amororaima.com.br\/index.php\/wp-json\/wp\/v2\/media\/5268"}],"wp:attachment":[{"href":"https:\/\/amororaima.com.br\/index.php\/wp-json\/wp\/v2\/media?parent=5267"}],"wp:term":[{"taxonomy":"category","embeddable":true,"href":"https:\/\/amororaima.com.br\/index.php\/wp-json\/wp\/v2\/categories?post=5267"},{"taxonomy":"post_tag","embeddable":true,"href":"https:\/\/amororaima.com.br\/index.php\/wp-json\/wp\/v2\/tags?post=5267"}],"curies":[{"name":"wp","href":"https:\/\/api.w.org\/{rel}","templated":true}]}}