{"id":5239,"date":"2025-04-02T12:18:09","date_gmt":"2025-04-02T16:18:09","guid":{"rendered":"https:\/\/amororaima.com.br\/?p=5239"},"modified":"2025-04-02T12:18:10","modified_gmt":"2025-04-02T16:18:10","slug":"suspeito-de-matar-idoso-a-facadas-e-preso-no-municipio-de-caroebe","status":"publish","type":"post","link":"https:\/\/amororaima.com.br\/index.php\/2025\/04\/02\/suspeito-de-matar-idoso-a-facadas-e-preso-no-municipio-de-caroebe\/","title":{"rendered":"Suspeito de matar idoso a facadas \u00e9 preso no munic\u00edpio de Caroebe"},"content":{"rendered":"\n<p>Um homem de 47 anos foi preso, nesta ter\u00e7a (1\u00ba), suspeito de homic\u00eddio no munic\u00edpio de Caroebe, sul de Roraima. A v\u00edtima, Benedito Sabino dos Santos, 61, foi morta a facadas na segunda-feira (31) e encontrada numa rua da Vila Entre Rios. &nbsp;As informa\u00e7\u00f5es foram divulgadas pela Pol\u00edcia Civil na manh\u00e3 desta quarta (2).<\/p>\n\n\n\n<p>Segundo o delegado Ricardo Andr\u00e9 Mendes, a investiga\u00e7\u00e3o come\u00e7ou ap\u00f3s uma den\u00fancia an\u00f4nima informando sobre a localiza\u00e7\u00e3o do cad\u00e1ver.<\/p>\n\n\n\n<p>As investiga\u00e7\u00f5es apontam que, depois do crime, o suspeito abandonou sua resid\u00eancia deixando documentos e pertences pessoais, levando apenas uma motocicleta. Havia ainda informa\u00e7\u00f5es de que ele estava tentando vender o ve\u00edculo e sair do Estado.<\/p>\n\n\n\n<p>&#8220;Diante disso, representamos pela pris\u00e3o tempor\u00e1ria e pedimos o apoio da Pol\u00edcia Militar, uma vez que estava mais pr\u00f3xima do local. Os policiais militares localizaram e detiveram o suspeito, encaminhando-o \u00e0 delegacia de S\u00e3o Jo\u00e3o da Baliza&#8221;, detalhou o delegado.<\/p>\n\n\n\n<p>Durante oitiva informal na delegacia, o homem confessou o assassinato e indicou onde havia descartado a arma utilizada.<\/p>\n\n\n\n<p>&#8220;Os agentes o acompanharam at\u00e9 o local indicado por ele, onde encontraram a faca usada no crime. Ressalte-se que, devido \u00e0 celeridade do Poder Judici\u00e1rio, a pris\u00e3o tempor\u00e1ria foi decretada Justi\u00e7a e cumprida de forma r\u00e1pida\u201d, disse Ricardo Mendes.<\/p>\n","protected":false},"excerpt":{"rendered":"<p>Um homem de 47 anos foi preso, nesta ter\u00e7a (1\u00ba), suspeito de homic\u00eddio no munic\u00edpio de Caroebe, sul de Roraima. A v\u00edtima, Benedito Sabino dos Santos, 61, foi morta a facadas na segunda-feira (31) e encontrada numa rua da Vila Entre Rios. &nbsp;As informa\u00e7\u00f5es foram divulgadas pela Pol\u00edcia Civil na manh\u00e3 desta quarta (2). Segundo [&hellip;]<\/p>\n","protected":false},"author":123458,"featured_media":5240,"comment_status":"closed","ping_status":"closed","sticky":false,"template":"","format":"standard","meta":{"footnotes":""},"categories":[34,20],"tags":[1185,99,132,142,1352,2248],"class_list":["post-5239","post","type-post","status-publish","format-standard","has-post-thumbnail","hentry","category-policia","category-roraima","tag-caroebe","tag-homicidio","tag-pcrr","tag-pmrr","tag-poder-judiciario","tag-vila-entre-rios"],"_links":{"self":[{"href":"https:\/\/amororaima.com.br\/index.php\/wp-json\/wp\/v2\/posts\/5239","targetHints":{"allow":["GET"]}}],"collection":[{"href":"https:\/\/amororaima.com.br\/index.php\/wp-json\/wp\/v2\/posts"}],"about":[{"href":"https:\/\/amororaima.com.br\/index.php\/wp-json\/wp\/v2\/types\/post"}],"author":[{"embeddable":true,"href":"https:\/\/amororaima.com.br\/index.php\/wp-json\/wp\/v2\/users\/123458"}],"replies":[{"embeddable":true,"href":"https:\/\/amororaima.com.br\/index.php\/wp-json\/wp\/v2\/comments?post=5239"}],"version-history":[{"count":1,"href":"https:\/\/amororaima.com.br\/index.php\/wp-json\/wp\/v2\/posts\/5239\/revisions"}],"predecessor-version":[{"id":5241,"href":"https:\/\/amororaima.com.br\/index.php\/wp-json\/wp\/v2\/posts\/5239\/revisions\/5241"}],"wp:featuredmedia":[{"embeddable":true,"href":"https:\/\/amororaima.com.br\/index.php\/wp-json\/wp\/v2\/media\/5240"}],"wp:attachment":[{"href":"https:\/\/amororaima.com.br\/index.php\/wp-json\/wp\/v2\/media?parent=5239"}],"wp:term":[{"taxonomy":"category","embeddable":true,"href":"https:\/\/amororaima.com.br\/index.php\/wp-json\/wp\/v2\/categories?post=5239"},{"taxonomy":"post_tag","embeddable":true,"href":"https:\/\/amororaima.com.br\/index.php\/wp-json\/wp\/v2\/tags?post=5239"}],"curies":[{"name":"wp","href":"https:\/\/api.w.org\/{rel}","templated":true}]}}