{"id":5183,"date":"2025-03-27T18:45:20","date_gmt":"2025-03-27T22:45:20","guid":{"rendered":"https:\/\/amororaima.com.br\/?p=5183"},"modified":"2025-03-27T18:46:16","modified_gmt":"2025-03-27T22:46:16","slug":"foragido-do-amazonas-traficante-do-comando-vermelho-e-preso-em-boa-vista-com-documentos-falsos-e-pistola","status":"publish","type":"post","link":"https:\/\/amororaima.com.br\/index.php\/2025\/03\/27\/foragido-do-amazonas-traficante-do-comando-vermelho-e-preso-em-boa-vista-com-documentos-falsos-e-pistola\/","title":{"rendered":"Foragido do Amazonas, traficante do Comando Vermelho \u00e9 preso em Boa Vista com documentos falsos e pistola"},"content":{"rendered":"\n<p>Foragido da Justi\u00e7a do Amazonas, o traficante Hamilton da Silva Teixeira, conhecido como \u201cMedellin do CV\u201d, foi preso em flagrante na tarde de ter\u00e7a-feira (25) por policiais militares do 1\u00ba Pelot\u00e3o da 2\u00aa Companhia de For\u00e7a T\u00e1tica da Pol\u00edcia Militar de Roraima. A pris\u00e3o ocorreu por volta das 17h, em um posto de combust\u00edveis no bairro Jardim Floresta, zona oeste da capital.<\/p>\n\n\n\n<p>Hamilton \u00e9 apontado como integrante da fac\u00e7\u00e3o criminosa&nbsp;Comando Vermelho (CV)&nbsp;e estava com mandado de pris\u00e3o em aberto. Ele fugiu de Manaus para se esconder em Boa Vista, utilizando uma identidade falsa.<\/p>\n\n\n\n<p>A captura ocorreu durante patrulhamento, ap\u00f3s os policiais receberem uma den\u00fancia de que um foragido do Amazonas estaria armado dentro de um carro. Ao localizar o ve\u00edculo em um posto, os militares perceberam que o motorista, ao notar a aproxima\u00e7\u00e3o da viatura, virou o rosto, fechou os vidros e tentou sair rapidamente do local.<\/p>\n\n\n\n<p>Quando abordado, inicialmente ele se identificou como Diego Guilherme de Souza Moraes, mas acabou confessando sua verdadeira identidade. A consulta ao Banco Nacional de Medidas Penais e Pris\u00f5es confirmou o mandado de pris\u00e3o ativo e revelou que ele estava vivendo com documentos falsos em Roraima.<\/p>\n\n\n\n<p>Durante a abordagem, Hamilton revelou ainda que havia uma arma em sua resid\u00eancia. Os policiais foram at\u00e9 o local e apreenderam uma pistola calibre 9 mm, dois carregadores e 34 muni\u00e7\u00f5es intactas, al\u00e9m de por\u00e7\u00f5es de entorpecentes.<\/p>\n\n\n\n<p>Apresentado em uma unidade policial, \u201cMedellin do CV\u201d foi indiciado por porte ilegal de arma de fogo, uso de documento falso e tr\u00e1fico de drogas. Ele permanece preso e est\u00e1 \u00e0 disposi\u00e7\u00e3o da Justi\u00e7a do Amazonas, onde dever\u00e1 cumprir dez anos de pris\u00e3o em regime fechado.<\/p>\n\n\n\n<p><strong><em>Com informa\u00e7\u00f5es de Mirelle Pinheiro\/Metr\u00f3poles<\/em><\/strong><\/p>\n","protected":false},"excerpt":{"rendered":"<p>Foragido da Justi\u00e7a do Amazonas, o traficante Hamilton da Silva Teixeira, conhecido como \u201cMedellin do CV\u201d, foi preso em flagrante na tarde de ter\u00e7a-feira (25) por policiais militares do 1\u00ba Pelot\u00e3o da 2\u00aa Companhia de For\u00e7a T\u00e1tica da Pol\u00edcia Militar de Roraima. A pris\u00e3o ocorreu por volta das 17h, em um posto de combust\u00edveis no [&hellip;]<\/p>\n","protected":false},"author":123458,"featured_media":5184,"comment_status":"closed","ping_status":"closed","sticky":false,"template":"","format":"standard","meta":{"footnotes":""},"categories":[34,20],"tags":[152,111,2210,150,1300,2211,196,93,2051,240],"class_list":["post-5183","post","type-post","status-publish","format-standard","has-post-thumbnail","hentry","category-policia","category-roraima","tag-amazonas","tag-boa-vista","tag-comando-vermelho","tag-foragido","tag-jardim-floresta","tag-medellin-do-cv","tag-policia-militar-2","tag-roraima","tag-traficante","tag-zona-oeste"],"_links":{"self":[{"href":"https:\/\/amororaima.com.br\/index.php\/wp-json\/wp\/v2\/posts\/5183","targetHints":{"allow":["GET"]}}],"collection":[{"href":"https:\/\/amororaima.com.br\/index.php\/wp-json\/wp\/v2\/posts"}],"about":[{"href":"https:\/\/amororaima.com.br\/index.php\/wp-json\/wp\/v2\/types\/post"}],"author":[{"embeddable":true,"href":"https:\/\/amororaima.com.br\/index.php\/wp-json\/wp\/v2\/users\/123458"}],"replies":[{"embeddable":true,"href":"https:\/\/amororaima.com.br\/index.php\/wp-json\/wp\/v2\/comments?post=5183"}],"version-history":[{"count":2,"href":"https:\/\/amororaima.com.br\/index.php\/wp-json\/wp\/v2\/posts\/5183\/revisions"}],"predecessor-version":[{"id":5186,"href":"https:\/\/amororaima.com.br\/index.php\/wp-json\/wp\/v2\/posts\/5183\/revisions\/5186"}],"wp:featuredmedia":[{"embeddable":true,"href":"https:\/\/amororaima.com.br\/index.php\/wp-json\/wp\/v2\/media\/5184"}],"wp:attachment":[{"href":"https:\/\/amororaima.com.br\/index.php\/wp-json\/wp\/v2\/media?parent=5183"}],"wp:term":[{"taxonomy":"category","embeddable":true,"href":"https:\/\/amororaima.com.br\/index.php\/wp-json\/wp\/v2\/categories?post=5183"},{"taxonomy":"post_tag","embeddable":true,"href":"https:\/\/amororaima.com.br\/index.php\/wp-json\/wp\/v2\/tags?post=5183"}],"curies":[{"name":"wp","href":"https:\/\/api.w.org\/{rel}","templated":true}]}}