{"id":5127,"date":"2025-03-25T14:06:21","date_gmt":"2025-03-25T18:06:21","guid":{"rendered":"https:\/\/amororaima.com.br\/?p=5127"},"modified":"2025-03-25T14:06:21","modified_gmt":"2025-03-25T18:06:21","slug":"foragido-por-homicidio-e-porte-ilegal-de-arma-e-preso-pela-prf-durante-fiscalizacao-na-br-174","status":"publish","type":"post","link":"https:\/\/amororaima.com.br\/index.php\/2025\/03\/25\/foragido-por-homicidio-e-porte-ilegal-de-arma-e-preso-pela-prf-durante-fiscalizacao-na-br-174\/","title":{"rendered":"Foragido por homic\u00eddio e porte ilegal de arma \u00e9 preso pela PRF durante fiscaliza\u00e7\u00e3o na BR-174"},"content":{"rendered":"\n<p>Policiais rodovi\u00e1rios federais prenderam, nesta segunda-feira (24), um jovem de 21 anos com pris\u00e3o preventiva decretada por homic\u00eddio e porte ilegal de arma de fogo.<\/p>\n\n\n\n<p>A pris\u00e3o ocorreu na BR-174 e foi divulgada pela PRF na manh\u00e3 desta ter\u00e7a (25).<\/p>\n\n\n\n<p>Durante abordagem dos policiais, foi constatado o mandado de pris\u00e3o em aberto, expedido pela Justi\u00e7a de Roraima.<\/p>\n\n\n\n<p>O jovem foi levado para uma delegacia de Pol\u00edcia Civil e, em seguida, entregue ao sistema prisional.<\/p>\n","protected":false},"excerpt":{"rendered":"<p>Policiais rodovi\u00e1rios federais prenderam, nesta segunda-feira (24), um jovem de 21 anos com pris\u00e3o preventiva decretada por homic\u00eddio e porte ilegal de arma de fogo. A pris\u00e3o ocorreu na BR-174 e foi divulgada pela PRF na manh\u00e3 desta ter\u00e7a (25). Durante abordagem dos policiais, foi constatado o mandado de pris\u00e3o em aberto, expedido pela Justi\u00e7a [&hellip;]<\/p>\n","protected":false},"author":123458,"featured_media":5128,"comment_status":"closed","ping_status":"closed","sticky":false,"template":"","format":"standard","meta":{"footnotes":""},"categories":[34,20],"tags":[606,150,99,55,2185,114],"class_list":["post-5127","post","type-post","status-publish","format-standard","has-post-thumbnail","hentry","category-policia","category-roraima","tag-br-174","tag-foragido","tag-homicidio","tag-policia-civil-2","tag-porte-ilegal-de-arma","tag-prf"],"_links":{"self":[{"href":"https:\/\/amororaima.com.br\/index.php\/wp-json\/wp\/v2\/posts\/5127","targetHints":{"allow":["GET"]}}],"collection":[{"href":"https:\/\/amororaima.com.br\/index.php\/wp-json\/wp\/v2\/posts"}],"about":[{"href":"https:\/\/amororaima.com.br\/index.php\/wp-json\/wp\/v2\/types\/post"}],"author":[{"embeddable":true,"href":"https:\/\/amororaima.com.br\/index.php\/wp-json\/wp\/v2\/users\/123458"}],"replies":[{"embeddable":true,"href":"https:\/\/amororaima.com.br\/index.php\/wp-json\/wp\/v2\/comments?post=5127"}],"version-history":[{"count":1,"href":"https:\/\/amororaima.com.br\/index.php\/wp-json\/wp\/v2\/posts\/5127\/revisions"}],"predecessor-version":[{"id":5129,"href":"https:\/\/amororaima.com.br\/index.php\/wp-json\/wp\/v2\/posts\/5127\/revisions\/5129"}],"wp:featuredmedia":[{"embeddable":true,"href":"https:\/\/amororaima.com.br\/index.php\/wp-json\/wp\/v2\/media\/5128"}],"wp:attachment":[{"href":"https:\/\/amororaima.com.br\/index.php\/wp-json\/wp\/v2\/media?parent=5127"}],"wp:term":[{"taxonomy":"category","embeddable":true,"href":"https:\/\/amororaima.com.br\/index.php\/wp-json\/wp\/v2\/categories?post=5127"},{"taxonomy":"post_tag","embeddable":true,"href":"https:\/\/amororaima.com.br\/index.php\/wp-json\/wp\/v2\/tags?post=5127"}],"curies":[{"name":"wp","href":"https:\/\/api.w.org\/{rel}","templated":true}]}}