{"id":5014,"date":"2025-03-19T06:30:00","date_gmt":"2025-03-19T10:30:00","guid":{"rendered":"https:\/\/amororaima.com.br\/?p=5014"},"modified":"2025-03-19T11:39:11","modified_gmt":"2025-03-19T15:39:11","slug":"escolegis-abre-inscricoes-para-15-mil-vagas-em-cursos-ead-matriculas-podem-ser-feitas-ate-domingo-23","status":"publish","type":"post","link":"https:\/\/amororaima.com.br\/index.php\/2025\/03\/19\/escolegis-abre-inscricoes-para-15-mil-vagas-em-cursos-ead-matriculas-podem-ser-feitas-ate-domingo-23\/","title":{"rendered":"Escolegis abre inscri\u00e7\u00f5es para 15 mil vagas em cursos EaD; matr\u00edculas podem ser feitas at\u00e9 domingo (23)"},"content":{"rendered":"\n<p>A Escola do Legislativo (Escolegis) da Assembleia Legislativa de Roraima (ALE-RR) abriu, nesta quarta-feira (19), inscri\u00e7\u00f5es para 15 mil vagas em cursos de Educa\u00e7\u00e3o a Dist\u00e2ncia (EaD), com idade m\u00ednima de 14 anos para participa\u00e7\u00e3o.<\/p>\n\n\n\n<p>Os interessados podem se matricular at\u00e9 domingo (23) por meio do site da Poder Legislativo (<a href=\"https:\/\/na01.safelinks.protection.outlook.com\/?url=https%3A%2F%2Fal.rr.leg.br%2F&amp;data=05%7C02%7C%7C79b96fc3c5f24273c4fe08dd6626818b%7C84df9e7fe9f640afb435aaaaaaaaaaaa%7C1%7C0%7C638779040540262401%7CUnknown%7CTWFpbGZsb3d8eyJFbXB0eU1hcGkiOnRydWUsIlYiOiIwLjAuMDAwMCIsIlAiOiJXaW4zMiIsIkFOIjoiTWFpbCIsIldUIjoyfQ%3D%3D%7C0%7C%7C%7C&amp;sdata=Ha7EI34L8bfyX%2BDLkqEWoQa86%2FTwfT0B1gp0c3XDb6M%3D&amp;reserved=0\" target=\"_blank\" rel=\"noreferrer noopener\"><strong>https:\/\/al.rr.leg.br\/<\/strong><\/a>). As aulas ficar\u00e3o dispon\u00edveis na plataforma virtual de 24 de mar\u00e7o a 23 de abril.<\/p>\n\n\n\n<p>A programa\u00e7\u00e3o de mar\u00e7o marca a consolida\u00e7\u00e3o das Trilhas do Conhecimento, um sistema inovador que transforma a capacita\u00e7\u00e3o profissional ao agrupar os cursos em pacotes por \u00e1rea. Ao todo, s\u00e3o 15 trilhas que abrangem segmentos como Recursos Humanos, Idiomas (ingl\u00eas e espanhol), Administra\u00e7\u00e3o, Sa\u00fade e Bem-estar, Direito e Gest\u00e3o P\u00fablica, entre outros.<\/p>\n\n\n\n<p>Os alunos podem se matricular em at\u00e9 tr\u00eas cursos de um mesmo eixo tem\u00e1tico, ampliando significativamente a qualifica\u00e7\u00e3o profissional e a competitividade no mercado de trabalho. Por exemplo, aqueles que desejam aprimorar suas habilidades no setor digital, podem optar pela Trilha de Marketing Digital, que inclui Gest\u00e3o de M\u00eddias Sociais&nbsp;(20h),&nbsp;Social Media Marketing&nbsp;(40h) e&nbsp;Stories que Conectam&nbsp;(16h). Ao final do percurso, estar\u00e3o mais bem preparados para atuar na \u00e1rea.<\/p>\n\n\n\n<p>De acordo com a diretora da Escolegis, Lene Matos, o m\u00e9todo representa um avan\u00e7o significativo no modelo de educa\u00e7\u00e3o a dist\u00e2ncia, pois estrutura um percurso formativo completo, no qual cada curso se conecta ao outro de forma org\u00e2nica, permitindo que o aluno desenvolva compet\u00eancias espec\u00edficas de maneira integrada e progressiva.<\/p>\n\n\n\n<p>\u201cO sistema de trilhas facilita para que o aluno possa escolher o curso e a \u00e1rea com os quais mais se identifica. Ou seja, a trilha foi criada justamente para facilitar e direcion\u00e1-lo ao que mais deseja cursar\u201d, explica a diretora.<\/p>\n\n\n\n<p>Para garantir a certifica\u00e7\u00e3o, os alunos precisam assistir a todas as aulas na \u00edntegra. Vale lembrar que caso o participante j\u00e1 tenha conclu\u00eddo algum dos cursos da trilha escolhida em edi\u00e7\u00f5es anteriores, n\u00e3o precisar\u00e1 curs\u00e1-lo novamente. Nesse caso, basta realizar os demais cursos para completar o pacote.&nbsp;<em>Confira as informa\u00e7\u00f5es das Trilhas do Conhecimento dispon\u00edveis:<\/em><\/p>\n\n\n\n<figure class=\"wp-block-table\"><table class=\"has-fixed-layout\"><thead><tr><td>TRILHA<\/td><td>CURSOS<\/td><td>CARGA HOR\u00c1RIA<\/td><td>OBJETIVO<\/td><\/tr><\/thead><tbody><tr><td>1. DESENVOLVIMENTO PROFISSIONAL E COMUNICA\u00c7\u00c3O<\/td><td>\u2022 Intelig\u00eancia Emocional \u2022 Como Falar Melhor em P\u00fablico \u2022 Rela\u00e7\u00f5es Interpessoais no Trabalho<\/td><td>12h 35h 20h<\/td><td>Desenvolver habilidades interpessoais, comunica\u00e7\u00e3o e marca pessoal<\/td><\/tr><tr><td>2. RECURSOS HUMANOS<\/td><td>\u2022 Gest\u00e3o de Equipes \u2022 Assistente de Recursos Humanos \u2022 Gest\u00e3o de Pessoas<\/td><td>20h 41h 40h<\/td><td>Capacitar para fun\u00e7\u00f5es administrativas e gest\u00e3o de pessoas<\/td><\/tr><tr><td>3. EDUCA\u00c7\u00c3O E INCLUS\u00c3O<\/td><td>\u2022 Educa\u00e7\u00e3o Especial \u2022 Promovendo a Socializa\u00e7\u00e3o &#8211; Estrat\u00e9gias e Pr\u00e1ticas para Crian\u00e7as com TEA \u2022 Inclus\u00e3o e Oportunidades: Mercado de Trabalho, Legisla\u00e7\u00e3o e Direitos para PCDs<\/td><td>40h 10h 10h<\/td><td>Qualificar para atuar em educa\u00e7\u00e3o e inclus\u00e3o de pessoas com necessidades especiais<\/td><\/tr><tr><td>4. INFORM\u00c1TICA<\/td><td>\u2022 Inform\u00e1tica B\u00e1sica \u2022 Inform\u00e1tica Intermedi\u00e1ria \u2022 Inform\u00e1tica Avan\u00e7ada<\/td><td>40h 40h 40h<\/td><td>Capacitar para trabalhar com inform\u00e1tica e estrat\u00e9gias digitais<\/td><\/tr><tr><td>5. GEST\u00c3O FINANCEIRA E OR\u00c7AMENT\u00c1RIA<\/td><td>\u2022 Gest\u00e3o de Finan\u00e7as Pessoais \u2022 Gest\u00e3o Or\u00e7ament\u00e1ria e Financeira P\u00fablica \u2022 Lei de Responsabilidade Fiscal<\/td><td>12h 40h 40h<\/td><td>Capacitar para gerenciar finan\u00e7as pessoais e p\u00fablicas<\/td><\/tr><tr><td>6. IDIOMAS &#8211; INGL\u00caS<\/td><td>\u2022 Ingl\u00eas B\u00e1sico \u2022 Ingl\u00eas Intermedi\u00e1rio \u2022 Ingl\u00eas Avan\u00e7ado<\/td><td>40h 40h 40h<\/td><td>Aperfei\u00e7oar habilidades em idiomas para Comunica\u00e7\u00e3o internacional<\/td><\/tr><tr><td>7. VENDAS<\/td><td>\u2022 T\u00e9cnicas de Negocia\u00e7\u00e3o \u2022 T\u00e9cnicas de Vendas \u2022 Atendimento ao P\u00fablico<\/td><td>20h 40h 40h<\/td><td>Desenvolver habilidades em vendas<\/td><\/tr><tr><td>8. SA\u00daDE E BEM-ESTAR<\/td><td>\u2022 Aromaterapia \u2022 Massoterapia \u2022 No\u00e7\u00f5es de Primeiros Socorros<\/td><td>16h 5h 40h<\/td><td>Capacitar para atuar nas \u00e1reas de sa\u00fade e cuidados com o corpo<\/td><\/tr><tr><td>9. DIREITO E GEST\u00c3O P\u00daBLICA<\/td><td>\u2022 Introdu\u00e7\u00e3o ao Direito Administrativo \u2022 Introdu\u00e7\u00e3o ao Direito Constitucional \u2022 Processo Legislativo Constitucional<\/td><td>40h 40h 40h<\/td><td>Qualificar para atuar no setor p\u00fablico e entender a legisla\u00e7\u00e3o<\/td><\/tr><tr><td>10. GEST\u00c3O DE QUALIDADE E PROCESSOS<\/td><td>\u2022 Entendendo a ISO 14001 \u2022 Entendendo a ISO 9001 \u2022 Introdu\u00e7\u00e3o ao Mapeamento de Processos<\/td><td>30h 35h 40h<\/td><td>Qualificar para gerenciar processos e qualidade<\/td><\/tr><tr><td>11. ADMINISTRA\u00c7\u00c3O<\/td><td>\u2022 Auxiliar Administrativo \u2022 Assistente Administrativo \u2022 Desenvolvendo Compet\u00eancias de Lideran\u00e7a<\/td><td>40h 40h 20h<\/td><td>Capacitar para atuar na \u00e1rea administrativa com foco em lideran\u00e7a<\/td><\/tr><tr><td>12. LIBRAS<\/td><td>\u2022 Libras B\u00e1sico \u2022 Libras Intermedi\u00e1rio \u2022 Libras Avan\u00e7ado<\/td><td>40h 40h 40h<\/td><td>Qualificar profissionais para atuar com acessibilidade em L\u00edngua Brasileira de Sinais<\/td><\/tr><tr><td>13. MARKETING DIGITAL<\/td><td>\u2022 Gest\u00e3o de M\u00eddias Sociais \u2022 Social Media Marketing \u2022 Stories que Conectam<\/td><td>20h 40h 16h<\/td><td>Ensinar estrat\u00e9gias e ferramentas para atuar na comunica\u00e7\u00e3o digital<\/td><\/tr><tr><td>14. IDIOMAS \u2013 ESPANHOL<\/td><td>\u2022 Espanhol B\u00e1sico \u2022 Espanhol Intermedi\u00e1rio \u2022 Espanhol Avan\u00e7ado<\/td><td>40h 40h 40h<\/td><td>Qualificar alunos para comunica\u00e7\u00e3o global<\/td><\/tr><tr><td>15. FERRAMENTAS PARA AS REDES SOCIAIS<\/td><td>\u2022 Edi\u00e7\u00e3o de V\u00eddeos para Redes Sociais \u2022 Dominando o Canva: Design Criativo e Profissional \u2022 Branding Pessoal e Posicionamento de Marca<\/td><td>20h 17h 18h<\/td><td>Desenvolver compet\u00eancias t\u00e9cnicas no uso de ferramentas que potencializam o uso das redes sociais<\/td><\/tr><\/tbody><\/table><\/figure>\n","protected":false},"excerpt":{"rendered":"<p>A Escola do Legislativo (Escolegis) da Assembleia Legislativa de Roraima (ALE-RR) abriu, nesta quarta-feira (19), inscri\u00e7\u00f5es para 15 mil vagas em cursos de Educa\u00e7\u00e3o a Dist\u00e2ncia (EaD), com idade m\u00ednima de 14 anos para participa\u00e7\u00e3o. Os interessados podem se matricular at\u00e9 domingo (23) por meio do site da Poder Legislativo (https:\/\/al.rr.leg.br\/). As aulas ficar\u00e3o dispon\u00edveis [&hellip;]<\/p>\n","protected":false},"author":123458,"featured_media":5015,"comment_status":"closed","ping_status":"closed","sticky":false,"template":"","format":"standard","meta":{"footnotes":""},"categories":[29,20],"tags":[71,2128,2035,70,2127],"class_list":["post-5014","post","type-post","status-publish","format-standard","has-post-thumbnail","hentry","category-educacao","category-roraima","tag-ale-rr","tag-cursos-profissionalizantes","tag-ead","tag-escolegis","tag-trilhas-do-conhecimento"],"_links":{"self":[{"href":"https:\/\/amororaima.com.br\/index.php\/wp-json\/wp\/v2\/posts\/5014","targetHints":{"allow":["GET"]}}],"collection":[{"href":"https:\/\/amororaima.com.br\/index.php\/wp-json\/wp\/v2\/posts"}],"about":[{"href":"https:\/\/amororaima.com.br\/index.php\/wp-json\/wp\/v2\/types\/post"}],"author":[{"embeddable":true,"href":"https:\/\/amororaima.com.br\/index.php\/wp-json\/wp\/v2\/users\/123458"}],"replies":[{"embeddable":true,"href":"https:\/\/amororaima.com.br\/index.php\/wp-json\/wp\/v2\/comments?post=5014"}],"version-history":[{"count":1,"href":"https:\/\/amororaima.com.br\/index.php\/wp-json\/wp\/v2\/posts\/5014\/revisions"}],"predecessor-version":[{"id":5016,"href":"https:\/\/amororaima.com.br\/index.php\/wp-json\/wp\/v2\/posts\/5014\/revisions\/5016"}],"wp:featuredmedia":[{"embeddable":true,"href":"https:\/\/amororaima.com.br\/index.php\/wp-json\/wp\/v2\/media\/5015"}],"wp:attachment":[{"href":"https:\/\/amororaima.com.br\/index.php\/wp-json\/wp\/v2\/media?parent=5014"}],"wp:term":[{"taxonomy":"category","embeddable":true,"href":"https:\/\/amororaima.com.br\/index.php\/wp-json\/wp\/v2\/categories?post=5014"},{"taxonomy":"post_tag","embeddable":true,"href":"https:\/\/amororaima.com.br\/index.php\/wp-json\/wp\/v2\/tags?post=5014"}],"curies":[{"name":"wp","href":"https:\/\/api.w.org\/{rel}","templated":true}]}}