{"id":4967,"date":"2025-03-14T15:02:53","date_gmt":"2025-03-14T19:02:53","guid":{"rendered":"https:\/\/amororaima.com.br\/?p=4967"},"modified":"2025-03-14T15:02:54","modified_gmt":"2025-03-14T19:02:54","slug":"tiros-e-golpes-de-madeira-suspeito-de-tentativa-de-latrocinio-e-preso-no-municipio-de-alto-alegre","status":"publish","type":"post","link":"https:\/\/amororaima.com.br\/index.php\/2025\/03\/14\/tiros-e-golpes-de-madeira-suspeito-de-tentativa-de-latrocinio-e-preso-no-municipio-de-alto-alegre\/","title":{"rendered":"Tiros e golpes de madeira: suspeito de tentativa de latroc\u00ednio \u00e9 preso no munic\u00edpio de Alto Alegre"},"content":{"rendered":"\n<p>Um auxiliar de servi\u00e7os gerais, de 31 anos, foi preso nesta quinta-feira (13), em Alto Alegre, norte de Roraima, suspeito de tentativa de latroc\u00ednio. As informa\u00e7\u00f5es foram divulgadas pela Pol\u00edcia Civil nesta sexta (14).<\/p>\n\n\n\n<p>As investiga\u00e7\u00f5es, segundo o delegado Vin\u00edcius Quadros, apontam que em 3 de dezembro de 2021, em um s\u00edtio na regi\u00e3o da Vila Sama\u00fama, o investigado e um comparsa roubaram uma espingarda calibre 36 e, em seguida, atacaram a v\u00edtima, de 49 anos, com disparos de arma de fogo e golpes de madeira.<\/p>\n\n\n\n<p>O homem, que trabalhava como caseiro na propriedade, foi encontrado apenas no dia seguinte, gravemente ferido. Ele passou 22 dias internado, sendo 10 deles na UTI, e sofreu fraturas e danos na vis\u00e3o devido \u00e0s agress\u00f5es.<\/p>\n\n\n\n<p>Os dois suspeitos fugiram em seguida. Um deles n\u00e3o foi localizado. O Minist\u00e9rio P\u00fablico representou pela pris\u00e3o provis\u00f3ria do auxiliar de servi\u00e7os gerais, tendo em vista que foi intimado a prestar esclarecimentos em ju\u00edzo, mas n\u00e3o compareceu.<\/p>\n\n\n\n<p>O delegado Vin\u00edcius Quadros determinou dilig\u00eancias para localiz\u00e1-lo e o mandado, expedido pela Vara Criminal da Comarca de Mucaja\u00ed, foi cumprido na sede da cidade de Alto Alegre.<\/p>\n\n\n\n<p>Nesta sexta-feira, o suspeito foi apresentado na audi\u00eancia de cust\u00f3dia.<\/p>\n","protected":false},"excerpt":{"rendered":"<p>Um auxiliar de servi\u00e7os gerais, de 31 anos, foi preso nesta quinta-feira (13), em Alto Alegre, norte de Roraima, suspeito de tentativa de latroc\u00ednio. As informa\u00e7\u00f5es foram divulgadas pela Pol\u00edcia Civil nesta sexta (14). As investiga\u00e7\u00f5es, segundo o delegado Vin\u00edcius Quadros, apontam que em 3 de dezembro de 2021, em um s\u00edtio na regi\u00e3o da [&hellip;]<\/p>\n","protected":false},"author":123458,"featured_media":4968,"comment_status":"closed","ping_status":"closed","sticky":false,"template":"","format":"standard","meta":{"footnotes":""},"categories":[34,20],"tags":[202,2103,55,985,1596,2104],"class_list":["post-4967","post","type-post","status-publish","format-standard","has-post-thumbnail","hentry","category-policia","category-roraima","tag-alto-alegre","tag-comarca-de-mucajai","tag-policia-civil-2","tag-tentativa-de-latrocinio","tag-vara-criminal","tag-vila-samauma"],"_links":{"self":[{"href":"https:\/\/amororaima.com.br\/index.php\/wp-json\/wp\/v2\/posts\/4967","targetHints":{"allow":["GET"]}}],"collection":[{"href":"https:\/\/amororaima.com.br\/index.php\/wp-json\/wp\/v2\/posts"}],"about":[{"href":"https:\/\/amororaima.com.br\/index.php\/wp-json\/wp\/v2\/types\/post"}],"author":[{"embeddable":true,"href":"https:\/\/amororaima.com.br\/index.php\/wp-json\/wp\/v2\/users\/123458"}],"replies":[{"embeddable":true,"href":"https:\/\/amororaima.com.br\/index.php\/wp-json\/wp\/v2\/comments?post=4967"}],"version-history":[{"count":1,"href":"https:\/\/amororaima.com.br\/index.php\/wp-json\/wp\/v2\/posts\/4967\/revisions"}],"predecessor-version":[{"id":4969,"href":"https:\/\/amororaima.com.br\/index.php\/wp-json\/wp\/v2\/posts\/4967\/revisions\/4969"}],"wp:featuredmedia":[{"embeddable":true,"href":"https:\/\/amororaima.com.br\/index.php\/wp-json\/wp\/v2\/media\/4968"}],"wp:attachment":[{"href":"https:\/\/amororaima.com.br\/index.php\/wp-json\/wp\/v2\/media?parent=4967"}],"wp:term":[{"taxonomy":"category","embeddable":true,"href":"https:\/\/amororaima.com.br\/index.php\/wp-json\/wp\/v2\/categories?post=4967"},{"taxonomy":"post_tag","embeddable":true,"href":"https:\/\/amororaima.com.br\/index.php\/wp-json\/wp\/v2\/tags?post=4967"}],"curies":[{"name":"wp","href":"https:\/\/api.w.org\/{rel}","templated":true}]}}