{"id":4951,"date":"2025-03-13T11:51:35","date_gmt":"2025-03-13T15:51:35","guid":{"rendered":"https:\/\/amororaima.com.br\/?p=4951"},"modified":"2025-03-13T11:51:36","modified_gmt":"2025-03-13T15:51:36","slug":"homem-e-preso-suspeito-de-atrair-criancas-com-promessas-de-acesso-a-internet-e-estupra-las-na-zona-oeste-de-boa-vista","status":"publish","type":"post","link":"https:\/\/amororaima.com.br\/index.php\/2025\/03\/13\/homem-e-preso-suspeito-de-atrair-criancas-com-promessas-de-acesso-a-internet-e-estupra-las-na-zona-oeste-de-boa-vista\/","title":{"rendered":"Homem \u00e9 preso suspeito de atrair crian\u00e7as com promessas de acesso \u00e0 internet e estupr\u00e1-las na zona oeste de Boa Vista"},"content":{"rendered":"\n<p>Um homem suspeito de aliciar e estuprar uma menina de 11 anos e duas de 13 foi preso no bairro Tancredo Neves, zona oeste de Boa Vista, nesta quarta-feira (12), As informa\u00e7\u00f5es foram divulgadas pela Pol\u00edcia Civil nesta quinta (13).<\/p>\n\n\n\n<p>De acordo com a delegada do Plant\u00e3o Central Especializado (PCE), Carolina Huppes, o aliciamento das tr\u00eas meninas foi denunciado ao Centro Integrado de Comando e Controle (CICC) na ter\u00e7a-feira (11).<\/p>\n\n\n\n<p>Policiais militares foram acionados e, ao chegarem ao local, encontraram os familiares das v\u00edtimas, que relataram que o homem, de 54 anos, as atra\u00eda para sua resid\u00eancia com a promessa de acesso \u00e0 internet e pequenos pagamentos por servi\u00e7os dom\u00e9sticos.<\/p>\n\n\n\n<p>Ao ser conduzido ao PCE, ele foi interrogado e negou o crime. No entanto, as tr\u00eas v\u00edtimas confirmaram os abusos sexuais. Elas tinham medo de denunci\u00e1-lo, pois temiam por sua seguran\u00e7a e a de seus familiares. A delegada destacou que, por n\u00e3o estar em flagrante delito, n\u00e3o foi poss\u00edvel prend\u00ea-lo.<\/p>\n\n\n\n<p>\u201cNaquele momento, legalmente n\u00e3o t\u00ednhamos como mant\u00ea-lo preso, tendo em vista que os fatos tinham ocorrido dias antes. Ouvimos todas as partes e os liberamos. No entanto, a gravidade das acusa\u00e7\u00f5es nos motivou a representarmos por sua pris\u00e3o preventiva junto \u00e0 Justi\u00e7a. O pedido foi deferido prontamente pelo juiz de plant\u00e3o, considerando o risco \u00e0 integridade das v\u00edtimas e a necessidade de garantir a ordem p\u00fablica&#8221;, disse Carolina Huppes.<\/p>\n\n\n\n<p>Depois de o mandado de pris\u00e3o ser decretado, o caso foi encaminhado \u00e0 Delegacia de Prote\u00e7\u00e3o \u00e0 Crian\u00e7a e ao Adolescente (DPCA).<\/p>\n\n\n\n<p>\u201cCom o apoio da DPCA, coordenada pelo delegado adjunto Matheus Rezende, dilig\u00eancias foram feitas para localiz\u00e1-lo e prend\u00ea-lo&#8221;, informou a delegada.<\/p>\n\n\n\n<p>Rezende explicou que o homem foi encontrado na casa de uma irm\u00e3 dele, no bairro Tancredo Neves, no final da tarde desta quarta-feira. Ele ressaltou que, ao utilizar-se da vulnerabilidade das v\u00edtimas, o acusado explorava \u201csuas condi\u00e7\u00f5es sociais e emocionais para alici\u00e1-las\u201d.<\/p>\n\n\n\n<p>&#8220;Ele era vizinho das v\u00edtimas e, com promessas de vantagens como o acesso \u00e0 internet e pequenos valores em dinheiro para servi\u00e7os dom\u00e9sticos, manipulava as crian\u00e7as, tentando comprar sua dignidade e perpetuar seus abusos. Este tipo de a\u00e7\u00e3o criminosa revela a crueldade de quem se aproveita da fragilidade de menores para satisfazer suas pr\u00f3prias vontades, desrespeitando profundamente os direitos e a integridade das v\u00edtimas&#8221;, refor\u00e7ou Matheus Rezende.<\/p>\n\n\n\n<p>Ap\u00f3s ser preso, o homem foi conduzido \u00e0 sede da DPCA, onde teve o mandado formalizado, sendo apresentado, nesta quinta-feira (13), na audi\u00eancia de cust\u00f3dia.<\/p>\n","protected":false},"excerpt":{"rendered":"<p>Um homem suspeito de aliciar e estuprar uma menina de 11 anos e duas de 13 foi preso no bairro Tancredo Neves, zona oeste de Boa Vista, nesta quarta-feira (12), As informa\u00e7\u00f5es foram divulgadas pela Pol\u00edcia Civil nesta quinta (13). De acordo com a delegada do Plant\u00e3o Central Especializado (PCE), Carolina Huppes, o aliciamento das [&hellip;]<\/p>\n","protected":false},"author":123458,"featured_media":4952,"comment_status":"closed","ping_status":"closed","sticky":false,"template":"","format":"standard","meta":{"footnotes":""},"categories":[34,20],"tags":[2088,2087,273,62,230,55,196],"class_list":["post-4951","post","type-post","status-publish","format-standard","has-post-thumbnail","hentry","category-policia","category-roraima","tag-bairro-tancredo-neves","tag-cicc","tag-dpca","tag-justica","tag-pce","tag-policia-civil-2","tag-policia-militar-2"],"_links":{"self":[{"href":"https:\/\/amororaima.com.br\/index.php\/wp-json\/wp\/v2\/posts\/4951","targetHints":{"allow":["GET"]}}],"collection":[{"href":"https:\/\/amororaima.com.br\/index.php\/wp-json\/wp\/v2\/posts"}],"about":[{"href":"https:\/\/amororaima.com.br\/index.php\/wp-json\/wp\/v2\/types\/post"}],"author":[{"embeddable":true,"href":"https:\/\/amororaima.com.br\/index.php\/wp-json\/wp\/v2\/users\/123458"}],"replies":[{"embeddable":true,"href":"https:\/\/amororaima.com.br\/index.php\/wp-json\/wp\/v2\/comments?post=4951"}],"version-history":[{"count":1,"href":"https:\/\/amororaima.com.br\/index.php\/wp-json\/wp\/v2\/posts\/4951\/revisions"}],"predecessor-version":[{"id":4953,"href":"https:\/\/amororaima.com.br\/index.php\/wp-json\/wp\/v2\/posts\/4951\/revisions\/4953"}],"wp:featuredmedia":[{"embeddable":true,"href":"https:\/\/amororaima.com.br\/index.php\/wp-json\/wp\/v2\/media\/4952"}],"wp:attachment":[{"href":"https:\/\/amororaima.com.br\/index.php\/wp-json\/wp\/v2\/media?parent=4951"}],"wp:term":[{"taxonomy":"category","embeddable":true,"href":"https:\/\/amororaima.com.br\/index.php\/wp-json\/wp\/v2\/categories?post=4951"},{"taxonomy":"post_tag","embeddable":true,"href":"https:\/\/amororaima.com.br\/index.php\/wp-json\/wp\/v2\/tags?post=4951"}],"curies":[{"name":"wp","href":"https:\/\/api.w.org\/{rel}","templated":true}]}}