{"id":4908,"date":"2025-03-11T06:00:00","date_gmt":"2025-03-11T10:00:00","guid":{"rendered":"https:\/\/amororaima.com.br\/?p=4908"},"modified":"2025-03-10T17:23:21","modified_gmt":"2025-03-10T21:23:21","slug":"escolegis-abre-630-vagas-para-cursos-presenciais-com-foco-na-pascoa-e-beleza-aulas-comecam-na-segunda-17","status":"publish","type":"post","link":"https:\/\/amororaima.com.br\/index.php\/2025\/03\/11\/escolegis-abre-630-vagas-para-cursos-presenciais-com-foco-na-pascoa-e-beleza-aulas-comecam-na-segunda-17\/","title":{"rendered":"Escolegis abre 630 vagas para cursos presenciais com foco na P\u00e1scoa e beleza; aulas come\u00e7am na segunda (17)"},"content":{"rendered":"\n<p>A Escola do Legislativo (Escolegis) da Assembleia Legislativa de Roraima (ALE-RR) abre, a partir das 8h desta ter\u00e7a-feira (11) at\u00e9 13 de mar\u00e7o, no site <a href=\"https:\/\/na01.safelinks.protection.outlook.com\/?url=https%3A%2F%2Fal.rr.leg.br%2F&amp;data=05%7C02%7C%7C16714c3729454255888d08dd5fcb23e9%7C84df9e7fe9f640afb435aaaaaaaaaaaa%7C1%7C0%7C638772051098570461%7CUnknown%7CTWFpbGZsb3d8eyJFbXB0eU1hcGkiOnRydWUsIlYiOiIwLjAuMDAwMCIsIlAiOiJXaW4zMiIsIkFOIjoiTWFpbCIsIldUIjoyfQ%3D%3D%7C0%7C%7C%7C&amp;sdata=4i5Eg0icjsjwpwSvHoJf%2FpagR1N3AKaLNVTD4a%2FKtTY%3D&amp;reserved=0\" target=\"_blank\" rel=\"noreferrer noopener\"><strong>https:\/\/al.rr.leg.br\/<\/strong><\/a>, as inscri\u00e7\u00f5es para 630 vagas em cursos presenciais. As aulas se iniciam em 17 de mar\u00e7o, com op\u00e7\u00f5es especialmente voltadas para o per\u00edodo pascal e para a \u00e1rea de beleza.<\/p>\n\n\n\n<p>A programa\u00e7\u00e3o de mar\u00e7o inclui cursos de artesanato, gastronomia, beleza, idiomas e qualifica\u00e7\u00e3o t\u00e9cnica. Para a P\u00e1scoa, destacam-se os cursos de \u201cOvos de P\u00e1scoa Trufados\u201d, \u201cLembrancinhas em EVA\u201d e \u201cBal\u00f5es Personalizados\u201d. Na \u00e1rea de beleza, ser\u00e3o oferecidos \u201cDesigner de Sobrancelhas\u201d, \u201cOficina de Maquiagem\u201d e \u201cExtens\u00e3o de C\u00edlios\u201d.<\/p>\n\n\n\n<p>\u201cNosso objetivo \u00e9 proporcionar qualifica\u00e7\u00e3o profissional que possa ser convertida rapidamente em renda para os roraimenses. Os cursos de P\u00e1scoa representam uma oportunidade de empreendedorismo sazonal, enquanto os de beleza, oferecidos no m\u00eas da mulher, podem transformar-se tanto em atividade principal quanto complementar na vida profissional dessas pessoas\u201d, explicou Brenno Carvalho, diretor da Escolegis.<\/p>\n\n\n\n<p>Para qualifica\u00e7\u00e3o profissional mais ampla, a institui\u00e7\u00e3o disponibiliza cursos de Gest\u00e3o de M\u00eddias Sociais, Ingl\u00eas e Libras em n\u00edvel intermedi\u00e1rio, al\u00e9m de Operador de Caixa e Refrigera\u00e7\u00e3o.<\/p>\n\n\n\n<p>Para mais informa\u00e7\u00f5es, os interessados podem entrar em contato pelo WhatsApp (95) 99174-4132 ou atrav\u00e9s do e-mail&nbsp;<strong>plataformas@istud.com.br<\/strong>. Al\u00e9m dos cursos presenciais, a Escolegis oferece capacita\u00e7\u00f5es na modalidade EaD (educa\u00e7\u00e3o a dist\u00e2ncia).&nbsp;Confira o cronograma completo dos cursos:<\/p>\n\n\n\n<figure class=\"wp-block-table\"><table class=\"has-fixed-layout\"><thead><tr><td>Curso<\/td><td>Per\u00edodo<\/td><td>Hor\u00e1rio<\/td><td>Carga hor\u00e1ria<\/td><td>Vagas<\/td><td>Idade m\u00ednima<\/td><\/tr><\/thead><tbody><tr><td>Bal\u00f5es personalizados<\/td><td>17\/3 a 21\/3<\/td><td>8h \u00e0s 12h<\/td><td>20h<\/td><td>80<\/td><td>14 anos<\/td><\/tr><tr><td>Libras intermedi\u00e1rio<\/td><td>17\/3 a 28\/3<\/td><td>8h \u00e0s 12h<\/td><td>40h<\/td><td>80<\/td><td>14 anos<\/td><\/tr><tr><td>Ovos de P\u00e1scoa trufados<\/td><td>17\/3 a 21\/3<\/td><td>8h \u00e0s 12h<\/td><td>20h<\/td><td>20<\/td><td>16 anos<\/td><\/tr><tr><td>P\u00e3o caseiro recheado<\/td><td>24\/3 a 28\/3<\/td><td>8h \u00e0s 12h<\/td><td>20h<\/td><td>20<\/td><td>16 anos<\/td><\/tr><tr><td>Lembrancinhas de P\u00e1scoa em EVA<\/td><td>17\/3 a 21\/3<\/td><td>8h \u00e0s 12h<\/td><td>20h<\/td><td>20<\/td><td>14 anos<\/td><\/tr><tr><td>Artesanato amigurumi intermedi\u00e1rio<\/td><td>24\/3 a 28\/3<\/td><td>8h \u00e0s 12h<\/td><td>20h<\/td><td>20<\/td><td>14 anos<\/td><\/tr><tr><td>Gest\u00e3o de m\u00eddias sociais<\/td><td>24\/3 a 28\/3<\/td><td>14h \u00e0s 18h<\/td><td>20h<\/td><td>80<\/td><td>14 anos<\/td><\/tr><tr><td>Ovos de P\u00e1scoa trufados<\/td><td>17\/3 a 21\/3<\/td><td>14h \u00e0s 18h<\/td><td>20h<\/td><td>20<\/td><td>16 anos<\/td><\/tr><tr><td>Tortas salgadas<\/td><td>24\/3 a 27\/3<\/td><td>14h \u00e0s 18h<\/td><td>16h<\/td><td>20<\/td><td>16 anos<\/td><\/tr><tr><td>Designer de sobrancelhas<\/td><td>17\/3 a 21\/3<\/td><td>14h \u00e0s 18h<\/td><td>20h<\/td><td>20<\/td><td>16 anos<\/td><\/tr><tr><td>Oficina de maquiagem<\/td><td>24\/3 a 26\/3<\/td><td>14h \u00e0s 18h<\/td><td>12h<\/td><td>20<\/td><td>14 anos<\/td><\/tr><tr><td>Extens\u00e3o de c\u00edlios \u2013 tufos de seda<\/td><td>27\/3 a 1\u00ba\/4<\/td><td>14h \u00e0s 18h<\/td><td>16h<\/td><td>20<\/td><td>14 anos<\/td><\/tr><tr><td>Ingl\u00eas intermedi\u00e1rio<\/td><td>17\/3 a 28\/3<\/td><td>18h \u00e0s 22h<\/td><td>40h<\/td><td>80<\/td><td>16 anos<\/td><\/tr><tr><td>Operador de caixa<\/td><td>17\/3 a 28\/3<\/td><td>18h \u00e0s 22h<\/td><td>40h<\/td><td>80<\/td><td>16 anos<\/td><\/tr><tr><td>Refrigera\u00e7\u00e3o (limpeza e manuten\u00e7\u00e3o em centrais de ar)<\/td><td>17\/3 a 28\/3<\/td><td>18h \u00e0s 22h<\/td><td>40h<\/td><td>40<\/td><td>16 anos<\/td><\/tr><\/tbody><\/table><\/figure>\n","protected":false},"excerpt":{"rendered":"<p>A Escola do Legislativo (Escolegis) da Assembleia Legislativa de Roraima (ALE-RR) abre, a partir das 8h desta ter\u00e7a-feira (11) at\u00e9 13 de mar\u00e7o, no site https:\/\/al.rr.leg.br\/, as inscri\u00e7\u00f5es para 630 vagas em cursos presenciais. As aulas se iniciam em 17 de mar\u00e7o, com op\u00e7\u00f5es especialmente voltadas para o per\u00edodo pascal e para a \u00e1rea de [&hellip;]<\/p>\n","protected":false},"author":123458,"featured_media":4911,"comment_status":"open","ping_status":"open","sticky":false,"template":"","format":"standard","meta":{"footnotes":""},"categories":[29,20],"tags":[71,2068,2069,1337,2035,70,2067],"class_list":["post-4908","post","type-post","status-publish","format-standard","has-post-thumbnail","hentry","category-educacao","category-roraima","tag-ale-rr","tag-beleza","tag-capacitacao","tag-cursos-presenciais","tag-ead","tag-escolegis","tag-pascoa"],"_links":{"self":[{"href":"https:\/\/amororaima.com.br\/index.php\/wp-json\/wp\/v2\/posts\/4908","targetHints":{"allow":["GET"]}}],"collection":[{"href":"https:\/\/amororaima.com.br\/index.php\/wp-json\/wp\/v2\/posts"}],"about":[{"href":"https:\/\/amororaima.com.br\/index.php\/wp-json\/wp\/v2\/types\/post"}],"author":[{"embeddable":true,"href":"https:\/\/amororaima.com.br\/index.php\/wp-json\/wp\/v2\/users\/123458"}],"replies":[{"embeddable":true,"href":"https:\/\/amororaima.com.br\/index.php\/wp-json\/wp\/v2\/comments?post=4908"}],"version-history":[{"count":3,"href":"https:\/\/amororaima.com.br\/index.php\/wp-json\/wp\/v2\/posts\/4908\/revisions"}],"predecessor-version":[{"id":4916,"href":"https:\/\/amororaima.com.br\/index.php\/wp-json\/wp\/v2\/posts\/4908\/revisions\/4916"}],"wp:featuredmedia":[{"embeddable":true,"href":"https:\/\/amororaima.com.br\/index.php\/wp-json\/wp\/v2\/media\/4911"}],"wp:attachment":[{"href":"https:\/\/amororaima.com.br\/index.php\/wp-json\/wp\/v2\/media?parent=4908"}],"wp:term":[{"taxonomy":"category","embeddable":true,"href":"https:\/\/amororaima.com.br\/index.php\/wp-json\/wp\/v2\/categories?post=4908"},{"taxonomy":"post_tag","embeddable":true,"href":"https:\/\/amororaima.com.br\/index.php\/wp-json\/wp\/v2\/tags?post=4908"}],"curies":[{"name":"wp","href":"https:\/\/api.w.org\/{rel}","templated":true}]}}