{"id":4598,"date":"2025-02-19T18:30:00","date_gmt":"2025-02-19T22:30:00","guid":{"rendered":"https:\/\/amororaima.com.br\/?p=4598"},"modified":"2025-02-19T17:47:37","modified_gmt":"2025-02-19T21:47:37","slug":"irregularidades-presidente-da-ale-rr-da-prazo-para-governo-do-estado-afastar-secretaria-de-saude-do-cargo","status":"publish","type":"post","link":"https:\/\/amororaima.com.br\/index.php\/2025\/02\/19\/irregularidades-presidente-da-ale-rr-da-prazo-para-governo-do-estado-afastar-secretaria-de-saude-do-cargo\/","title":{"rendered":"Irregularidades: presidente da ALE-RR d\u00e1 prazo para governo do Estado afastar secret\u00e1ria de Sa\u00fade do cargo"},"content":{"rendered":"\n<p id=\"block-3a24abda-29bf-4a24-b29e-623e30efac47\">O presidente da Assembleia Legislativa de Roraima (ALE-RR), deputado Soldado Sampaio (Republicanos), exigiu, durante a sess\u00e3o desta quarta-feira (19), a exonera\u00e7\u00e3o da secret\u00e1ria estadual de Sa\u00fade, Cec\u00edlia Lorenzon, apontando uma s\u00e9rie de irregularidades na gest\u00e3o da pasta, e cobra ainda que o governador Antonio Denarium (PP) tome provid\u00eancias at\u00e9 ter\u00e7a (25). Caso contr\u00e1rio, ele levar\u00e1 o caso \u00e0 Pol\u00edcia Federal (PF) e outras inst\u00e2ncias fiscalizadoras.<\/p>\n\n\n\n<p id=\"block-53acaf1a-f41d-42c9-9ac1-b1af53a17e6b\">&#8220;Se o governador n\u00e3o tem for\u00e7a suficiente para exonerar essa mulher, se tem algo que ela sabe dele ou ele dela, que os impede de agir, isso n\u00e3o \u00e9 problema da sociedade roraimense&#8221;, declarou Sampaio. Ele tamb\u00e9m afirmou que n\u00e3o quer carregar a culpa pela crise na sa\u00fade p\u00fablica e que medidas mais dr\u00e1sticas podem ser tomadas pelo parlamento.<\/p>\n\n\n\n<p id=\"block-f6acac8f-912d-4554-822d-091538b06380\">A den\u00fancia de Sampaio foi refor\u00e7ada pelo presidente da Comiss\u00e3o de Sa\u00fade da ALE-RR, deputado Dr. Cl\u00e1udio Cirurgi\u00e3o (Uni\u00e3o Brasil), e pelo primeiro-vice-presidente, deputado Jorge Everton (Uni\u00e3o Brasil), que sugeriu um processo de impeachment contra a secret\u00e1ria como forma de afast\u00e1-la, j\u00e1 que, segundo ele, o governador tem se omitido.<\/p>\n\n\n\n<p id=\"block-c0f5235c-8c56-4331-b033-4ae46eb35b05\"><strong>Acusa\u00e7\u00f5es e den\u00fancias<\/strong><\/p>\n\n\n\n<p id=\"block-af06195d-16e7-4b9f-bc2b-d1ff3c4b271a\">Durante pronunciamento, Sampaio detalhou supostas irregularidades na gest\u00e3o da Sa\u00fade, afirmando que a secret\u00e1ria estaria mais preocupada com interesses financeiros do que com a qualidade dos servi\u00e7os prestados \u00e0 popula\u00e7\u00e3o. Ele relatou casos de m\u00e9dicos que n\u00e3o recebem sal\u00e1rios h\u00e1 meses, dificuldades no atendimento de pacientes e terceiriza\u00e7\u00f5es suspeitas.<\/p>\n\n\n\n<p id=\"block-35f8d074-d484-4dfe-b81b-1f9f1f976a70\">&#8220;Tem empres\u00e1rio dizendo que prefere ficar sem receber a dar propina exigida pela secret\u00e1ria. Isso est\u00e1 escancarado, n\u00e3o \u00e9 especula\u00e7\u00e3o&#8221;, afirmou. O presidente da ALE-RR tamb\u00e9m citou um caso recente em que um empres\u00e1rio foi for\u00e7ado a incluir um apadrinhado pol\u00edtico em seu contrato social para manter neg\u00f3cios com a pasta.<\/p>\n\n\n\n<p id=\"block-c30e6b2a-a70a-4498-9d96-41ce458a47ff\">Outro ponto levantado foi a precariedade nos atendimentos de alta complexidade, como cirurgias card\u00edacas, ortopedia e hemodi\u00e1lise. Ele destacou que pacientes est\u00e3o sendo prejudicados diariamente e que profissionais est\u00e3o deixando o Estado por falta de pagamento e condi\u00e7\u00f5es de trabalho.<\/p>\n\n\n\n<p id=\"block-9a00de60-022e-4603-a895-c36ff10d2062\"><strong>Apoio dos parlamentares<\/strong><\/p>\n\n\n\n<p id=\"block-12920ffa-e39f-4830-86e6-7af049bf559d\">A fala de Sampaio recebeu o apoio de v\u00e1rios deputados, que relataram situa\u00e7\u00f5es cr\u00edticas vivenciadas pela popula\u00e7\u00e3o. Gabriel Pican\u00e7o (Republicanos) refor\u00e7ou a gravidade da crise ao mencionar a morte de um paciente em Santa Maria do Boia\u00e7u, em Rorain\u00f3polis, sul de Roraima, por falta de assist\u00eancia m\u00e9dica.<\/p>\n\n\n\n<p id=\"block-450f5345-feed-4b0a-83a9-f116c742c266\">&#8220;Ele morreu porque o transporte aerom\u00e9dico n\u00e3o chegou a tempo. Esse \u00e9 s\u00f3 um dos in\u00fameros casos de descaso com a sa\u00fade p\u00fablica em nosso Estado&#8221;, lamentou Pican\u00e7o.<\/p>\n\n\n\n<p id=\"block-46980259-918f-49ef-a234-f392569a8ca7\">Jorge Everton defendeu que a ALE-RR adote uma postura mais firme e abra um processo de impeachment contra Cec\u00edlia Lorenzon.<\/p>\n\n\n\n<p id=\"block-1e183309-5d60-415f-b43d-423b2b03963d\">&#8220;Com tudo que j\u00e1 temos de material probat\u00f3rio, podemos iniciar o processo e afast\u00e1-la, j\u00e1 que o governador n\u00e3o faz sua parte&#8221;, argumentou.<\/p>\n\n\n\n<p id=\"block-d40aca7e-b5d1-46d8-856a-3906033cd027\"><strong>Pr\u00f3ximos passos<\/strong><\/p>\n\n\n\n<p id=\"block-c2c1e91f-f021-44a1-b9b3-abb662377512\">Diante do agravamento da crise, Sampaio afirmou que tomar\u00e1 medidas dr\u00e1sticas caso a secret\u00e1ria n\u00e3o seja exonerada at\u00e9 ter\u00e7a-feira. Ele garantiu que, se necess\u00e1rio, mobilizar\u00e1 o Minist\u00e9rio P\u00fablico (MPRR), o Tribunal de Contas (TCE) e a Pol\u00edcia Federal para investigar os desmandos na Sa\u00fade estadual.<\/p>\n\n\n\n<p id=\"block-0c1ace70-eae2-4cc6-b2b9-bf8714f9d39d\">&#8220;Eu estou disposto a ir at\u00e9 as \u00faltimas consequ\u00eancias. Se for necess\u00e1rio, n\u00e3o pautarei mais nenhum projeto do governo nesta Casa at\u00e9 que isso seja resolvido&#8221;, declarou.<\/p>\n\n\n\n<p id=\"block-7e223e2f-8ffe-4518-8e64-aae7a025bbdb\">A expectativa agora \u00e9 que o governo se posicione at\u00e9 o prazo estipulado. Caso contr\u00e1rio, o parlamento poder\u00e1 avan\u00e7ar com medidas mais rigorosas, como a abertura de uma Comiss\u00e3o Parlamentar de Inqu\u00e9rito (CPI) ou um pedido de impeachment da secret\u00e1ria.<\/p>\n","protected":false},"excerpt":{"rendered":"<p>O presidente da Assembleia Legislativa de Roraima (ALE-RR), deputado Soldado Sampaio (Republicanos), exigiu, durante a sess\u00e3o desta quarta-feira (19), a exonera\u00e7\u00e3o da secret\u00e1ria estadual de Sa\u00fade, Cec\u00edlia Lorenzon, apontando uma s\u00e9rie de irregularidades na gest\u00e3o da pasta, e cobra ainda que o governador Antonio Denarium (PP) tome provid\u00eancias at\u00e9 ter\u00e7a (25). Caso contr\u00e1rio, ele levar\u00e1 [&hellip;]<\/p>\n","protected":false},"author":123458,"featured_media":4599,"comment_status":"closed","ping_status":"closed","sticky":false,"template":"","format":"standard","meta":{"footnotes":""},"categories":[31,20],"tags":[71,554,1930,215,368,60,85,1222],"class_list":["post-4598","post","type-post","status-publish","format-standard","has-post-thumbnail","hentry","category-politica","category-roraima","tag-ale-rr","tag-cecilia-lorenzon","tag-cpi-2","tag-irregularidades","tag-mprr","tag-pf","tag-sesau","tag-soldado-sampaio"],"_links":{"self":[{"href":"https:\/\/amororaima.com.br\/index.php\/wp-json\/wp\/v2\/posts\/4598","targetHints":{"allow":["GET"]}}],"collection":[{"href":"https:\/\/amororaima.com.br\/index.php\/wp-json\/wp\/v2\/posts"}],"about":[{"href":"https:\/\/amororaima.com.br\/index.php\/wp-json\/wp\/v2\/types\/post"}],"author":[{"embeddable":true,"href":"https:\/\/amororaima.com.br\/index.php\/wp-json\/wp\/v2\/users\/123458"}],"replies":[{"embeddable":true,"href":"https:\/\/amororaima.com.br\/index.php\/wp-json\/wp\/v2\/comments?post=4598"}],"version-history":[{"count":1,"href":"https:\/\/amororaima.com.br\/index.php\/wp-json\/wp\/v2\/posts\/4598\/revisions"}],"predecessor-version":[{"id":4600,"href":"https:\/\/amororaima.com.br\/index.php\/wp-json\/wp\/v2\/posts\/4598\/revisions\/4600"}],"wp:featuredmedia":[{"embeddable":true,"href":"https:\/\/amororaima.com.br\/index.php\/wp-json\/wp\/v2\/media\/4599"}],"wp:attachment":[{"href":"https:\/\/amororaima.com.br\/index.php\/wp-json\/wp\/v2\/media?parent=4598"}],"wp:term":[{"taxonomy":"category","embeddable":true,"href":"https:\/\/amororaima.com.br\/index.php\/wp-json\/wp\/v2\/categories?post=4598"},{"taxonomy":"post_tag","embeddable":true,"href":"https:\/\/amororaima.com.br\/index.php\/wp-json\/wp\/v2\/tags?post=4598"}],"curies":[{"name":"wp","href":"https:\/\/api.w.org\/{rel}","templated":true}]}}