{"id":4449,"date":"2025-02-14T12:11:00","date_gmt":"2025-02-14T15:11:00","guid":{"rendered":"https:\/\/amororaima.com.br\/?p=4449"},"modified":"2025-02-14T13:13:04","modified_gmt":"2025-02-14T16:13:04","slug":"aumento-de-casos-de-malaria-na-terra-yanomami-se-deve-a-anos-de-negligencia-herdados-da-gestao-anterior-diz-governo-lula","status":"publish","type":"post","link":"https:\/\/amororaima.com.br\/index.php\/2025\/02\/14\/aumento-de-casos-de-malaria-na-terra-yanomami-se-deve-a-anos-de-negligencia-herdados-da-gestao-anterior-diz-governo-lula\/","title":{"rendered":"Aumento de casos de mal\u00e1ria na Terra Yanomami se deve a \u2018anos de neglig\u00eancia\u2019 herdados da gest\u00e3o anterior, diz governo Lula"},"content":{"rendered":"\n<p>O governo do presidente Luiz In\u00e1cio Lula da Silva (PT) creditou a disparada de casos de mal\u00e1ria na Terra Ind\u00edgena Yanomami, em Roraima, a \u201canos de neglig\u00eancia\u201d com subnotifica\u00e7\u00e3o dos casos no passado. A resposta foi dada ap\u00f3s o <a href=\"https:\/\/amororaima.com.br\/index.php\/2025\/02\/10\/malaria-stf-cobra-explicacoes-do-governo-lula-sobre-aumento-de-casos-da-doenca-na-terra-yanomami\/\" target=\"_blank\" rel=\"noreferrer noopener\"><strong>Supremo Tribunal Federal (STF) dar dez dias para explica\u00e7\u00f5es<\/strong><\/a> \u2013 o prazo se encerra neste domingo (16).<\/p>\n\n\n\n<p>O presidente do STF, Lu\u00eds Roberto Barroso, cobrou respostas do governo ap\u00f3s a Articula\u00e7\u00e3o dos Povos Ind\u00edgenas do Brasil (Apib) apontar um aumento de 27% dos casos de mal\u00e1ria entre 2023 e 2024, com dados disponibilizados pelo pr\u00f3prio Minist\u00e9rio da Sa\u00fade. Os n\u00fameros compreendem o per\u00edodo em que o governo atua no territ\u00f3rio.<\/p>\n\n\n\n<p>\u201cO governo federal reafirma que vem promovendo, desde 2023, a maior opera\u00e7\u00e3o j\u00e1 realizada pelo Estado na Terra Ind\u00edgena Yanomami, para reverter o abandono herdado e garantir a prote\u00e7\u00e3o e a recupera\u00e7\u00e3o das condi\u00e7\u00f5es de vida dos povos ind\u00edgenas. Todas as informa\u00e7\u00f5es solicitadas pelo STF ser\u00e3o prestadas dentro do prazo estabelecido, assegurando o compromisso com a transpar\u00eancia e a continuidade das a\u00e7\u00f5es\u201d, disseram a Casa Civil e o Minist\u00e9rio da Sa\u00fade em nota \u00e0 reportagem.<\/p>\n\n\n\n<p>Segundo a apura\u00e7\u00e3o, foram registrados 14,4 mil casos de mal\u00e1ria em 2023 e 18,3 mil, em 2024. A Apib classificou este aumento como \u201cestarrecedor\u201d.<\/p>\n\n\n\n<p>\u201cA dificuldade da atual gest\u00e3o em conseguir superar esses gargalos tem preocupado a arguente, em vista \u00e0 quantidade de recursos financeiros, de volumes vultosos, sendo aplicados na terra ind\u00edgena, o que, \u00e0 priori, deveria representar uma melhora nos \u00edndices, diferente do observado\u201d, disse a entidade no processo.<\/p>\n\n\n\n<p>A Apib tamb\u00e9m acusou o minist\u00e9rio de falta de transpar\u00eancia sobre a emerg\u00eancia sanit\u00e1ria na terra ind\u00edgena, que foi alvo de uma das primeiras pol\u00edticas p\u00fablicas do governo pouco depois da posse de Lula.<\/p>\n\n\n\n<p>\u201cA aus\u00eancia de periodicidade nas informa\u00e7\u00f5es p\u00fablicas, bem como o longo per\u00edodo no qual s\u00e3o elaboradas, denota uma aus\u00eancia de compromisso com o repasse de informa\u00e7\u00f5es adequadas para que se possa realizar um balan\u00e7o das informa\u00e7\u00f5es apresentadas\u201d, pontuou.<\/p>\n\n\n\n<p>Por outro lado, o governo diz que atua \u201cde forma estruturada e cont\u00ednua para reverter anos de neglig\u00eancia\u201d e \u201cgarantir que o povo Yanomami tenha autonomia, dignidade, assist\u00eancia e seguran\u00e7a em seu territ\u00f3rio\u201d.<\/p>\n\n\n\n<p>As pastas afirmam, ainda, que garantiram o funcionamento de 100% dos polos-base do territ\u00f3rio, ampliando em 155% o n\u00famero de profissionais e reabrindo todas as unidades de sa\u00fade que estavam fechadas, \u201co que resultou na reinclus\u00e3o de mais de 5,2 mil ind\u00edgenas que estavam desassistidos\u201d.<\/p>\n\n\n\n<p>O governo aponta tamb\u00e9m que a busca ativa levou a um aumento de 73% no n\u00famero de exames de mal\u00e1ria realizados e, \u201cconsequentemente, ao aumento dos casos reportados, mas com queda de letalidade\u201d.<\/p>\n\n\n\n<p>\u201cComo resultado, houve uma redu\u00e7\u00e3o de 27% no n\u00famero de \u00f3bitos no primeiro semestre de 2024, em compara\u00e7\u00e3o com o mesmo per\u00edodo do ano anterior, com quedas expressivas em mortes por desnutri\u00e7\u00e3o [-68%], infec\u00e7\u00f5es respirat\u00f3rias [-53%] e mal\u00e1ria [-35%]\u201d, explicou.<\/p>\n\n\n\n<p>No ano passado, o governo liberou R$ 1 bilh\u00e3o em cr\u00e9dito extraordin\u00e1rio para a\u00e7\u00f5es contra o garimpo ilegal e a estrutura\u00e7\u00e3o de atendimento m\u00e9dico. No entanto, a Apib afirma que os recursos n\u00e3o foram suficientes.<\/p>\n\n\n\n<p><strong><em>Com informa\u00e7\u00f5es da Gazeta do Povo<\/em><\/strong><\/p>\n","protected":false},"excerpt":{"rendered":"<p>O governo do presidente Luiz In\u00e1cio Lula da Silva (PT) creditou a disparada de casos de mal\u00e1ria na Terra Ind\u00edgena Yanomami, em Roraima, a \u201canos de neglig\u00eancia\u201d com subnotifica\u00e7\u00e3o dos casos no passado. A resposta foi dada ap\u00f3s o Supremo Tribunal Federal (STF) dar dez dias para explica\u00e7\u00f5es \u2013 o prazo se encerra neste domingo [&hellip;]<\/p>\n","protected":false},"author":123458,"featured_media":4450,"comment_status":"closed","ping_status":"closed","sticky":false,"template":"","format":"standard","meta":{"footnotes":""},"categories":[28,20],"tags":[1845,346,547,128,53,272],"class_list":["post-4449","post","type-post","status-publish","format-standard","has-post-thumbnail","hentry","category-geral","category-roraima","tag-apib","tag-casa-civil","tag-malaria","tag-ministerio-da-saude","tag-stf","tag-terra-yanomami"],"_links":{"self":[{"href":"https:\/\/amororaima.com.br\/index.php\/wp-json\/wp\/v2\/posts\/4449","targetHints":{"allow":["GET"]}}],"collection":[{"href":"https:\/\/amororaima.com.br\/index.php\/wp-json\/wp\/v2\/posts"}],"about":[{"href":"https:\/\/amororaima.com.br\/index.php\/wp-json\/wp\/v2\/types\/post"}],"author":[{"embeddable":true,"href":"https:\/\/amororaima.com.br\/index.php\/wp-json\/wp\/v2\/users\/123458"}],"replies":[{"embeddable":true,"href":"https:\/\/amororaima.com.br\/index.php\/wp-json\/wp\/v2\/comments?post=4449"}],"version-history":[{"count":1,"href":"https:\/\/amororaima.com.br\/index.php\/wp-json\/wp\/v2\/posts\/4449\/revisions"}],"predecessor-version":[{"id":4451,"href":"https:\/\/amororaima.com.br\/index.php\/wp-json\/wp\/v2\/posts\/4449\/revisions\/4451"}],"wp:featuredmedia":[{"embeddable":true,"href":"https:\/\/amororaima.com.br\/index.php\/wp-json\/wp\/v2\/media\/4450"}],"wp:attachment":[{"href":"https:\/\/amororaima.com.br\/index.php\/wp-json\/wp\/v2\/media?parent=4449"}],"wp:term":[{"taxonomy":"category","embeddable":true,"href":"https:\/\/amororaima.com.br\/index.php\/wp-json\/wp\/v2\/categories?post=4449"},{"taxonomy":"post_tag","embeddable":true,"href":"https:\/\/amororaima.com.br\/index.php\/wp-json\/wp\/v2\/tags?post=4449"}],"curies":[{"name":"wp","href":"https:\/\/api.w.org\/{rel}","templated":true}]}}