{"id":4419,"date":"2025-02-12T13:54:00","date_gmt":"2025-02-12T16:54:00","guid":{"rendered":"https:\/\/amororaima.com.br\/?p=4419"},"modified":"2025-02-12T14:55:09","modified_gmt":"2025-02-12T17:55:09","slug":"foragido-ha-30-anos-por-assassinato-no-interior-do-parana-e-preso-em-roraima","status":"publish","type":"post","link":"https:\/\/amororaima.com.br\/index.php\/2025\/02\/12\/foragido-ha-30-anos-por-assassinato-no-interior-do-parana-e-preso-em-roraima\/","title":{"rendered":"Foragido h\u00e1 30 anos por assassinato no interior do Paran\u00e1 \u00e9 preso em Roraima"},"content":{"rendered":"\n<p>Um administrador municipal foragido h\u00e1 30 anos por um homic\u00eddio no Paran\u00e1 foi preso em Boa Vista, nesta quarta-feira (12). O mandado de pris\u00e3o preventiva foi cumprido no bairro Cidade Sat\u00e9lite, zona oeste da capital, por agentes da Delegacia Geral de Homic\u00eddios (DGH).<\/p>\n\n\n\n<p>Em 1995, o homem, de 59 anos, e seu irm\u00e3o, que morreu durante o processo penal, foram acusados de matar Walter Luiz Orsini Fernandes.<\/p>\n\n\n\n<p>\u201cAp\u00f3s o crime, ele fugiu para o Amazonas, onde obteve novos documentos, incluindo um CPF e um registro de identidade. Mais tarde, estabeleceu-se em Roraima, onde foi aprovado em um concurso p\u00fablico da Prefeitura de Boa Vista para o cargo de administrador, fun\u00e7\u00e3o que exercia at\u00e9 sua pris\u00e3o\u201d, detalhou o delegado Jo\u00e3o Evangelista.<\/p>\n\n\n\n<p>Ainda de acordo com o delegado, as investiga\u00e7\u00f5es revelaram que o foragido possu\u00eda quatro CPFs distintos e dois RGs, um do Paran\u00e1 e outro do Amazonas, o que dificultou sua localiza\u00e7\u00e3o. Ele n\u00e3o ofereceu resist\u00eancia e foi encaminhado \u00e0 sede da DGH para a formaliza\u00e7\u00e3o da pris\u00e3o.<\/p>\n\n\n\n<p>O mandado foi expedido pela Vara Criminal de Guaratuba, munic\u00edpio do litoral paranaense.<\/p>\n\n\n\n<p>A opera\u00e7\u00e3o contou com o apoio da Delegacia de Vigil\u00e2ncia e Capturas (DVC), da Pol\u00edcia Civil do Paran\u00e1 e da Delegacia Especializada em Homic\u00eddios e Sequestros (DEHS) da Pol\u00edcia Civil do Amazonas, que forneceram informa\u00e7\u00f5es importantes para a localiza\u00e7\u00e3o do foragido.<\/p>\n\n\n\n<p>O homem foi apresentado ainda pela manh\u00e3 na audi\u00eancia de cust\u00f3dia. A pris\u00e3o dele ser\u00e1 comunicada \u00e0 Justi\u00e7a do Paran\u00e1.<\/p>\n","protected":false},"excerpt":{"rendered":"<p>Um administrador municipal foragido h\u00e1 30 anos por um homic\u00eddio no Paran\u00e1 foi preso em Boa Vista, nesta quarta-feira (12). O mandado de pris\u00e3o preventiva foi cumprido no bairro Cidade Sat\u00e9lite, zona oeste da capital, por agentes da Delegacia Geral de Homic\u00eddios (DGH). Em 1995, o homem, de 59 anos, e seu irm\u00e3o, que morreu [&hellip;]<\/p>\n","protected":false},"author":123458,"featured_media":4420,"comment_status":"closed","ping_status":"closed","sticky":false,"template":"","format":"standard","meta":{"footnotes":""},"categories":[34,20],"tags":[365,1861,195,1859,150,1860,99,1862,55,93],"class_list":["post-4419","post","type-post","status-publish","format-standard","has-post-thumbnail","hentry","category-policia","category-roraima","tag-cidade-satelite","tag-dehs","tag-dgh","tag-dvc","tag-foragido","tag-guaratuba","tag-homicidio","tag-parana","tag-policia-civil-2","tag-roraima"],"_links":{"self":[{"href":"https:\/\/amororaima.com.br\/index.php\/wp-json\/wp\/v2\/posts\/4419","targetHints":{"allow":["GET"]}}],"collection":[{"href":"https:\/\/amororaima.com.br\/index.php\/wp-json\/wp\/v2\/posts"}],"about":[{"href":"https:\/\/amororaima.com.br\/index.php\/wp-json\/wp\/v2\/types\/post"}],"author":[{"embeddable":true,"href":"https:\/\/amororaima.com.br\/index.php\/wp-json\/wp\/v2\/users\/123458"}],"replies":[{"embeddable":true,"href":"https:\/\/amororaima.com.br\/index.php\/wp-json\/wp\/v2\/comments?post=4419"}],"version-history":[{"count":1,"href":"https:\/\/amororaima.com.br\/index.php\/wp-json\/wp\/v2\/posts\/4419\/revisions"}],"predecessor-version":[{"id":4421,"href":"https:\/\/amororaima.com.br\/index.php\/wp-json\/wp\/v2\/posts\/4419\/revisions\/4421"}],"wp:featuredmedia":[{"embeddable":true,"href":"https:\/\/amororaima.com.br\/index.php\/wp-json\/wp\/v2\/media\/4420"}],"wp:attachment":[{"href":"https:\/\/amororaima.com.br\/index.php\/wp-json\/wp\/v2\/media?parent=4419"}],"wp:term":[{"taxonomy":"category","embeddable":true,"href":"https:\/\/amororaima.com.br\/index.php\/wp-json\/wp\/v2\/categories?post=4419"},{"taxonomy":"post_tag","embeddable":true,"href":"https:\/\/amororaima.com.br\/index.php\/wp-json\/wp\/v2\/tags?post=4419"}],"curies":[{"name":"wp","href":"https:\/\/api.w.org\/{rel}","templated":true}]}}