{"id":4410,"date":"2025-02-12T09:00:00","date_gmt":"2025-02-12T12:00:00","guid":{"rendered":"https:\/\/amororaima.com.br\/?p=4410"},"modified":"2025-02-12T11:28:43","modified_gmt":"2025-02-12T14:28:43","slug":"casal-suspeito-de-gerenciar-ponto-de-venda-de-drogas-e-preso-na-zona-oeste-de-boa-vista","status":"publish","type":"post","link":"https:\/\/amororaima.com.br\/index.php\/2025\/02\/12\/casal-suspeito-de-gerenciar-ponto-de-venda-de-drogas-e-preso-na-zona-oeste-de-boa-vista\/","title":{"rendered":"Casal suspeito de \u2018gerenciar\u2019 ponto de venda de drogas \u00e9 preso na zona oeste de Boa Vista"},"content":{"rendered":"\n<p>Um casal foi preso, na segunda-feira (10), suspeito de gerenciar um ponto de venda de drogas no bairro Jardim Primavera, na zona oeste de Boa Vista. As informa\u00e7\u00f5es foram divulgadas pela Pol\u00edcia Civil na noite desta ter\u00e7a (11).<\/p>\n\n\n\n<p>Segundo o adjunto da Delegacia de Repress\u00e3o a Entorpecentes (DRE), J\u00falio C\u00e9sar da Rocha, as investiga\u00e7\u00f5es apontaram que, al\u00e9m de traficar, o casal recebia produtos furtados em troca de drogas.<\/p>\n\n\n\n<p>O delegado explica que os policiais investigavam as den\u00fancias e, durante os trabalhos, presenciaram uma negocia\u00e7\u00e3o entre a suspeita, de 25 anos, e um homem, de 47.<\/p>\n\n\n\n<p>Ao ser abordado, ele admitiu a compra na resid\u00eancia da investigada. Com a confirma\u00e7\u00e3o da atividade criminosa, os agentes entraram no im\u00f3vel e prenderam o casal em flagrante.<\/p>\n\n\n\n<p>No local, foram apreendidos pacotes com por\u00e7\u00f5es de pasta base de coca\u00edna, balan\u00e7a de precis\u00e3o, dinheiro em esp\u00e9cie, eletr\u00f4nicos e diversos produtos ainda com etiquetas de supermercados, refor\u00e7ando a suspeita de que os objetos eram trocados por entorpecentes na boca de fumo.<\/p>\n\n\n\n<p>O delegado lavrou contra homem um termo circunstanciado de ocorr\u00eancia (TCO) por consumo pessoal, e ele foi liberado ap\u00f3s prestar depoimento.<\/p>\n\n\n\n<p>Contra o casal, foi lavrado um auto de pris\u00e3o em flagrante (APF). Nesta ter\u00e7a-feira, a dupla teve a pris\u00e3o em flagrante convertida em preventiva. Os dois foram encaminhados ao sistema prisional.<\/p>\n\n\n\n<p>&#8220;Onde h\u00e1 venda de drogas, h\u00e1 tamb\u00e9m um crescimento nos registros de furtos, roubos, homic\u00eddios e at\u00e9 estupros. Nosso trabalho na DRE \u00e9 combater o tr\u00e1fico justamente para impedir que esses outros crimes ocorram. Por isso, \u00e9 fundamental que a popula\u00e7\u00e3o colabore, denunciando esses pontos de venda de entorpecentes por meio dos canais disponibilizados pela Pol\u00edcia Civil&#8221;, destacou J\u00falio C\u00e9sar da Rocha.<\/p>\n\n\n\n<p>A popula\u00e7\u00e3o pode ajudar denunciando de forma an\u00f4nima pelos n\u00fameros de WhatsApp (95) 99159-3481 e (95) 99126-6347.<\/p>\n","protected":false},"excerpt":{"rendered":"<p>Um casal foi preso, na segunda-feira (10), suspeito de gerenciar um ponto de venda de drogas no bairro Jardim Primavera, na zona oeste de Boa Vista. As informa\u00e7\u00f5es foram divulgadas pela Pol\u00edcia Civil na noite desta ter\u00e7a (11). Segundo o adjunto da Delegacia de Repress\u00e3o a Entorpecentes (DRE), J\u00falio C\u00e9sar da Rocha, as investiga\u00e7\u00f5es apontaram [&hellip;]<\/p>\n","protected":false},"author":123458,"featured_media":4411,"comment_status":"closed","ping_status":"closed","sticky":false,"template":"","format":"standard","meta":{"footnotes":""},"categories":[20,27],"tags":[1856,111,134,55,145,240],"class_list":["post-4410","post","type-post","status-publish","format-standard","has-post-thumbnail","hentry","category-roraima","category-saude","tag-bairro-jardim-primavera","tag-boa-vista","tag-dre","tag-policia-civil-2","tag-trafico-de-drogas","tag-zona-oeste"],"_links":{"self":[{"href":"https:\/\/amororaima.com.br\/index.php\/wp-json\/wp\/v2\/posts\/4410","targetHints":{"allow":["GET"]}}],"collection":[{"href":"https:\/\/amororaima.com.br\/index.php\/wp-json\/wp\/v2\/posts"}],"about":[{"href":"https:\/\/amororaima.com.br\/index.php\/wp-json\/wp\/v2\/types\/post"}],"author":[{"embeddable":true,"href":"https:\/\/amororaima.com.br\/index.php\/wp-json\/wp\/v2\/users\/123458"}],"replies":[{"embeddable":true,"href":"https:\/\/amororaima.com.br\/index.php\/wp-json\/wp\/v2\/comments?post=4410"}],"version-history":[{"count":1,"href":"https:\/\/amororaima.com.br\/index.php\/wp-json\/wp\/v2\/posts\/4410\/revisions"}],"predecessor-version":[{"id":4412,"href":"https:\/\/amororaima.com.br\/index.php\/wp-json\/wp\/v2\/posts\/4410\/revisions\/4412"}],"wp:featuredmedia":[{"embeddable":true,"href":"https:\/\/amororaima.com.br\/index.php\/wp-json\/wp\/v2\/media\/4411"}],"wp:attachment":[{"href":"https:\/\/amororaima.com.br\/index.php\/wp-json\/wp\/v2\/media?parent=4410"}],"wp:term":[{"taxonomy":"category","embeddable":true,"href":"https:\/\/amororaima.com.br\/index.php\/wp-json\/wp\/v2\/categories?post=4410"},{"taxonomy":"post_tag","embeddable":true,"href":"https:\/\/amororaima.com.br\/index.php\/wp-json\/wp\/v2\/tags?post=4410"}],"curies":[{"name":"wp","href":"https:\/\/api.w.org\/{rel}","templated":true}]}}