{"id":4338,"date":"2025-02-07T13:36:00","date_gmt":"2025-02-07T16:36:00","guid":{"rendered":"https:\/\/amororaima.com.br\/?p=4338"},"modified":"2025-02-07T14:38:00","modified_gmt":"2025-02-07T17:38:00","slug":"pf-abre-350-inqueritos-e-indicia-720-pessoas-em-mais-de-20-operacoes-contra-garimpo-na-terra-yanomami","status":"publish","type":"post","link":"https:\/\/amororaima.com.br\/index.php\/2025\/02\/07\/pf-abre-350-inqueritos-e-indicia-720-pessoas-em-mais-de-20-operacoes-contra-garimpo-na-terra-yanomami\/","title":{"rendered":"PF abre 350 inqu\u00e9ritos e indicia 720 pessoas em mais de 20 opera\u00e7\u00f5es contra garimpo na Terra Yanomami"},"content":{"rendered":"\n<p>Iniciada em fevereiro de 2023 pela Pol\u00edcia Federal e as For\u00e7as Armadas, a Opera\u00e7\u00e3o Liberta\u00e7\u00e3o j\u00e1 teve 350 inqu\u00e9ritos e 720 pessoas indiciadas, al\u00e9m de 299 presas em flagrante. O objetivo da a\u00e7\u00e3o \u00e9 deter o&nbsp;garimpo&nbsp;ilegal e proteger a&nbsp;Terra Ind\u00edgena Yanomami.<\/p>\n\n\n\n<p>A Opera\u00e7\u00e3o Liberta\u00e7\u00e3o re\u00fane todas as opera\u00e7\u00f5es contra o garimpo deflagradas nesses dois anos. No total, de acordo com a PF, foram 24.<\/p>\n\n\n\n<p>Procurados, Minist\u00e9rio P\u00fablico Federal (MPF), Tribunal Regional Federal da 1\u00aa Regi\u00e3o (TRF-1) e a Se\u00e7\u00e3o Judici\u00e1ria de Roraima n\u00e3o responderam aos questionamentos da reportagem.<\/p>\n\n\n\n<p>Os Yanomami vivem uma&nbsp;crise humanit\u00e1ria&nbsp;causada pela explos\u00e3o de invas\u00f5es de garimpeiros no territ\u00f3rio durante o governo&nbsp;Jair Bolsonaro&nbsp;(PL), que estimulava a presen\u00e7a de invasores para a explora\u00e7\u00e3o ilegal de ouro. No auge da crise, cerca de&nbsp;20 mil&nbsp;permaneciam em diferentes pontos do territ\u00f3rio.<\/p>\n\n\n\n<p>Diante dessa situa\u00e7\u00e3o, com mal\u00e1ria sem controle e desnutri\u00e7\u00e3o grave de crian\u00e7as e idosos, o governo Lula declarou&nbsp;emerg\u00eancia em sa\u00fade p\u00fablica&nbsp;no territ\u00f3rio em 20 de janeiro de 2023.<\/p>\n\n\n\n<p>A&nbsp;Opera\u00e7\u00e3o Liberta\u00e7\u00e3o&nbsp;tamb\u00e9m envolve agentes do&nbsp;Instituto Brasileiro do Meio Ambiente e dos Recursos Naturais Renov\u00e1veis (Ibama),&nbsp;Funda\u00e7\u00e3o Nacional dos Povos Ind\u00edgenas (Funai)&nbsp;e For\u00e7a Nacional de Seguran\u00e7a P\u00fablica (FNSP).<\/p>\n\n\n\n<p><strong>N\u00fameros divulgados pela Pol\u00edcia Federal<\/strong><\/p>\n\n\n\n<p>Opera\u00e7\u00f5es deflagradas: 24<\/p>\n\n\n\n<p>Mandados de busca e apreens\u00e3o: 144<\/p>\n\n\n\n<p>Mandados de pris\u00e3o preventiva: 29<\/p>\n\n\n\n<p>Mandados de pris\u00e3o tempor\u00e1ria: 4<\/p>\n\n\n\n<p>Pessoas presas em flagrante: 299<\/p>\n\n\n\n<p>Pessoas indiciadas: 720<\/p>\n\n\n\n<p>Inqu\u00e9ritos policiais instaurados: 350<\/p>\n\n\n\n<p>Total de inqu\u00e9ritos policiais encerrados vinculados \u00e0 Opera\u00e7\u00e3o Liberta\u00e7\u00e3o: 227<\/p>\n\n\n\n<p><strong><em>Com informa\u00e7\u00f5es da Folha de S. Paulo<\/em><\/strong><\/p>\n","protected":false},"excerpt":{"rendered":"<p>Iniciada em fevereiro de 2023 pela Pol\u00edcia Federal e as For\u00e7as Armadas, a Opera\u00e7\u00e3o Liberta\u00e7\u00e3o j\u00e1 teve 350 inqu\u00e9ritos e 720 pessoas indiciadas, al\u00e9m de 299 presas em flagrante. O objetivo da a\u00e7\u00e3o \u00e9 deter o&nbsp;garimpo&nbsp;ilegal e proteger a&nbsp;Terra Ind\u00edgena Yanomami. A Opera\u00e7\u00e3o Liberta\u00e7\u00e3o re\u00fane todas as opera\u00e7\u00f5es contra o garimpo deflagradas nesses dois anos. [&hellip;]<\/p>\n","protected":false},"author":123458,"featured_media":4339,"comment_status":"closed","ping_status":"closed","sticky":false,"template":"","format":"standard","meta":{"footnotes":""},"categories":[293,20],"tags":[1827,458,330,300,171,1829,60,272,1828],"class_list":["post-4338","post","type-post","status-publish","format-standard","has-post-thumbnail","hentry","category-meio-ambiente","category-roraima","tag-fnsp","tag-forcas-armadas","tag-funai","tag-ibama","tag-mpf","tag-operacao-libertacao","tag-pf","tag-terra-yanomami","tag-trf-1"],"_links":{"self":[{"href":"https:\/\/amororaima.com.br\/index.php\/wp-json\/wp\/v2\/posts\/4338","targetHints":{"allow":["GET"]}}],"collection":[{"href":"https:\/\/amororaima.com.br\/index.php\/wp-json\/wp\/v2\/posts"}],"about":[{"href":"https:\/\/amororaima.com.br\/index.php\/wp-json\/wp\/v2\/types\/post"}],"author":[{"embeddable":true,"href":"https:\/\/amororaima.com.br\/index.php\/wp-json\/wp\/v2\/users\/123458"}],"replies":[{"embeddable":true,"href":"https:\/\/amororaima.com.br\/index.php\/wp-json\/wp\/v2\/comments?post=4338"}],"version-history":[{"count":1,"href":"https:\/\/amororaima.com.br\/index.php\/wp-json\/wp\/v2\/posts\/4338\/revisions"}],"predecessor-version":[{"id":4340,"href":"https:\/\/amororaima.com.br\/index.php\/wp-json\/wp\/v2\/posts\/4338\/revisions\/4340"}],"wp:featuredmedia":[{"embeddable":true,"href":"https:\/\/amororaima.com.br\/index.php\/wp-json\/wp\/v2\/media\/4339"}],"wp:attachment":[{"href":"https:\/\/amororaima.com.br\/index.php\/wp-json\/wp\/v2\/media?parent=4338"}],"wp:term":[{"taxonomy":"category","embeddable":true,"href":"https:\/\/amororaima.com.br\/index.php\/wp-json\/wp\/v2\/categories?post=4338"},{"taxonomy":"post_tag","embeddable":true,"href":"https:\/\/amororaima.com.br\/index.php\/wp-json\/wp\/v2\/tags?post=4338"}],"curies":[{"name":"wp","href":"https:\/\/api.w.org\/{rel}","templated":true}]}}