{"id":3982,"date":"2025-01-13T10:54:00","date_gmt":"2025-01-13T13:54:00","guid":{"rendered":"https:\/\/amororaima.com.br\/?p=3982"},"modified":"2025-01-13T12:31:49","modified_gmt":"2025-01-13T15:31:49","slug":"fronteira-brasil-venezuela-e-reaberta-tres-dias-apos-posse-do-ditador-nicolas-maduro","status":"publish","type":"post","link":"https:\/\/amororaima.com.br\/index.php\/2025\/01\/13\/fronteira-brasil-venezuela-e-reaberta-tres-dias-apos-posse-do-ditador-nicolas-maduro\/","title":{"rendered":"Fronteira Brasil-Venezuela \u00e9 reaberta tr\u00eas dias ap\u00f3s posse do ditador Nicol\u00e1s Maduro"},"content":{"rendered":"\n<p id=\"block-b35b2d98-5126-46b3-a4ff-da8243a3878b\">A&nbsp;fronteira do Brasil com a Venezuela, localizada em&nbsp;Pacaraima, norte de Roraima, foi reaberta nesta segunda (13) ap\u00f3s um <a href=\"https:\/\/amororaima.com.br\/index.php\/2025\/01\/11\/brasil-x-venezuela-itamaraty-disponibiliza-telefone-de-emergencia-apos-fronteira-ser-fechada\/\" target=\"_blank\" rel=\"noreferrer noopener\"><strong>fechamento tempor\u00e1rio decretado pelo governo venezuelano<\/strong><\/a> na sexta-feira (10), <a href=\"https:\/\/amororaima.com.br\/index.php\/2025\/01\/10\/maduro-assume-terceiro-mandato-e-deve-ficar-na-presidencia-da-venezuela-pelo-menos-ate-janeiro-de-2031\/\" target=\"_blank\" rel=\"noreferrer noopener\"><strong>dia da posse de Nicol\u00e1s Maduro para o terceiro mandato presidencial<\/strong><\/a>.<\/p>\n\n\n\n<p id=\"block-9f835b0e-edf7-4d1b-b310-93dd705410e2\">Durante o per\u00edodo, militares da guarda venezuelana bloquearam o tr\u00e1fego de ve\u00edculos e restringiram o fluxo migrat\u00f3rio, colocando cones e refor\u00e7ando a presen\u00e7a na divisa.<\/p>\n\n\n\n<p id=\"block-1130f7fc-a1ee-4a9b-bf25-55ad8395844b\">O&nbsp;Minist\u00e9rio da Justi\u00e7a e Seguran\u00e7a P\u00fablica do Brasil&nbsp;informou que a medida foi uma decis\u00e3o unilateral da Venezuela, sem consulta pr\u00e9via ao governo brasileiro.<\/p>\n\n\n\n<p id=\"block-707de682-1a39-48d6-abe7-04d85ddccf44\">De acordo com a&nbsp;Pol\u00edcia Militar de Roraima, a movimenta\u00e7\u00e3o na cidade de Pacaraima permaneceu tranquila, com leve redu\u00e7\u00e3o no fluxo migrat\u00f3rio, mas sem altera\u00e7\u00f5es significativas na rotina local.<\/p>\n\n\n\n<p id=\"block-777842cc-7147-4d01-8f61-843baafe0a7a\">A PM ressaltou que o fechamento de fronteiras em ocasi\u00f5es pol\u00edticas ou eleitorais \u00e9 uma pr\u00e1tica recorrente por parte das autoridades venezuelanas.<\/p>\n\n\n\n<p id=\"block-5c4f6786-48c5-4ed4-95b7-2cb240dd2ed5\"><strong>Rela\u00e7\u00f5es Brasil-Venezuela<\/strong><\/p>\n\n\n\n<p id=\"block-31ab3164-21fe-4892-9290-a5e51b22453a\">O fechamento tempor\u00e1rio da fronteira ocorreu em um contexto de tens\u00e3o diplom\u00e1tica entre os dois pa\u00edses. Embora historicamente aliados, o presidente Luiz In\u00e1cio Lula da Silva (PT) n\u00e3o reconheceu oficialmente a vit\u00f3ria de Nicol\u00e1s Maduro nem a do opositor Edmundo Gonz\u00e1lez, que reivindica o cargo com apoio de organismos internacionais.<\/p>\n\n\n\n<p id=\"block-7bd641f1-c001-4627-89b2-13b019558fcc\">O Brasil foi representado na posse de Maduro pela embaixadora Gliv\u00e2nia Maria de Oliveira, enquanto Lula e outros l\u00edderes internacionais cobraram maior transpar\u00eancia no processo eleitoral venezuelano, incluindo a divulga\u00e7\u00e3o das atas de vota\u00e7\u00e3o, que foram bloqueadas pela Suprema Corte do pa\u00eds.<\/p>\n\n\n\n<p><strong><em>Com informa\u00e7\u00f5es do Portal T5<\/em><\/strong><\/p>\n","protected":false},"excerpt":{"rendered":"<p>A&nbsp;fronteira do Brasil com a Venezuela, localizada em&nbsp;Pacaraima, norte de Roraima, foi reaberta nesta segunda (13) ap\u00f3s um fechamento tempor\u00e1rio decretado pelo governo venezuelano na sexta-feira (10), dia da posse de Nicol\u00e1s Maduro para o terceiro mandato presidencial. Durante o per\u00edodo, militares da guarda venezuelana bloquearam o tr\u00e1fego de ve\u00edculos e restringiram o fluxo migrat\u00f3rio, [&hellip;]<\/p>\n","protected":false},"author":123458,"featured_media":3983,"comment_status":"closed","ping_status":"closed","sticky":false,"template":"","format":"standard","meta":{"footnotes":""},"categories":[21,31],"tags":[1496,831,372,283,142,149],"class_list":["post-3982","post","type-post","status-publish","format-standard","has-post-thumbnail","hentry","category-mundo","category-politica","tag-brasil","tag-fronteira","tag-ministerio-da-justica","tag-nicolas-maduro","tag-pmrr","tag-venezuela"],"_links":{"self":[{"href":"https:\/\/amororaima.com.br\/index.php\/wp-json\/wp\/v2\/posts\/3982","targetHints":{"allow":["GET"]}}],"collection":[{"href":"https:\/\/amororaima.com.br\/index.php\/wp-json\/wp\/v2\/posts"}],"about":[{"href":"https:\/\/amororaima.com.br\/index.php\/wp-json\/wp\/v2\/types\/post"}],"author":[{"embeddable":true,"href":"https:\/\/amororaima.com.br\/index.php\/wp-json\/wp\/v2\/users\/123458"}],"replies":[{"embeddable":true,"href":"https:\/\/amororaima.com.br\/index.php\/wp-json\/wp\/v2\/comments?post=3982"}],"version-history":[{"count":2,"href":"https:\/\/amororaima.com.br\/index.php\/wp-json\/wp\/v2\/posts\/3982\/revisions"}],"predecessor-version":[{"id":3996,"href":"https:\/\/amororaima.com.br\/index.php\/wp-json\/wp\/v2\/posts\/3982\/revisions\/3996"}],"wp:featuredmedia":[{"embeddable":true,"href":"https:\/\/amororaima.com.br\/index.php\/wp-json\/wp\/v2\/media\/3983"}],"wp:attachment":[{"href":"https:\/\/amororaima.com.br\/index.php\/wp-json\/wp\/v2\/media?parent=3982"}],"wp:term":[{"taxonomy":"category","embeddable":true,"href":"https:\/\/amororaima.com.br\/index.php\/wp-json\/wp\/v2\/categories?post=3982"},{"taxonomy":"post_tag","embeddable":true,"href":"https:\/\/amororaima.com.br\/index.php\/wp-json\/wp\/v2\/tags?post=3982"}],"curies":[{"name":"wp","href":"https:\/\/api.w.org\/{rel}","templated":true}]}}