{"id":3957,"date":"2025-01-11T13:49:00","date_gmt":"2025-01-11T16:49:00","guid":{"rendered":"https:\/\/amororaima.com.br\/?p=3957"},"modified":"2025-01-11T14:51:22","modified_gmt":"2025-01-11T17:51:22","slug":"brasil-x-venezuela-itamaraty-disponibiliza-telefone-de-emergencia-apos-fronteira-ser-fechada","status":"publish","type":"post","link":"https:\/\/amororaima.com.br\/index.php\/2025\/01\/11\/brasil-x-venezuela-itamaraty-disponibiliza-telefone-de-emergencia-apos-fronteira-ser-fechada\/","title":{"rendered":"Brasil x Venezuela: Itamaraty disponibiliza telefone de emerg\u00eancia ap\u00f3s fronteira ser fechada"},"content":{"rendered":"\n<p>A fronteira do Brasil com a Venezuela em Roraima deve continuar fechada at\u00e9 esta segunda-feira (13). \u00c9 o que diz um comunicado divulgado pelo governo brasileiro. Segundo a nota, o fechamento ocorreu por decis\u00e3o das autoridades venezuelanas.<\/p>\n\n\n\n<p>Em caso de emerg\u00eancia, cidad\u00e3os brasileiros poder\u00e3o acionar os plant\u00f5es consulares da Embaixada do Brasil em Caracas (+58 414 3723337) e do Vice-Consulado em Santa Elena de Uair\u00e9n (+58 424 9551570).<\/p>\n\n\n\n<p>A passagem de ve\u00edculos est\u00e1 bloqueada pelo lado venezuelano, na divisa com a cidade de Pacaraima (RR), desde que Nicol\u00e1s Maduro tomou posse, na manh\u00e3 desta sexta-feira (10).<\/p>\n\n\n\n<p>A Pol\u00edcia Militar de Roraima informou que, apesar do fechamento, a movimenta\u00e7\u00e3o de pedestres segue dentro da normalidade. Ressalta, no entanto, que houve uma \u201credu\u00e7\u00e3o no fluxo migrat\u00f3rio de entrada no Brasil, mas sem altera\u00e7\u00f5es significativas\u201d.<\/p>\n\n\n\n<p>Apesar do bloqueio da Venezuela na fronteira com o Brasil, integrantes do Ex\u00e9rcito brasileiro afirmam que a situa\u00e7\u00e3o \u00e9 de normalidade, sem eleva\u00e7\u00e3o da tens\u00e3o que justifique o refor\u00e7o da opera\u00e7\u00e3o militar na regi\u00e3o.<\/p>\n\n\n\n<p>A fronteira com Pacaraima recebeu refor\u00e7o de militares no fim de 2023, diante da tens\u00e3o entre a Venezuela e a Guiana na disputa pelo territ\u00f3rio de Essequibo, regi\u00e3o rica em reservas de petr\u00f3leo e g\u00e1s.<\/p>\n\n\n\n<p>O Ex\u00e9rcito aumentou o contingente, enviou blindados para Roraima e refor\u00e7ou o efetivo na regi\u00e3o de fronteira com o aumento de 10% das tropas no Comando Militar do Norte e no Comando Militar da Amaz\u00f4nia, passando de 27 mil para 30 mil militares.<\/p>\n\n\n\n<p>Na ocasi\u00e3o, o Pelot\u00e3o Especial de Fronteira de Pacaraima, no norte do Estado, passou de 70 para 130 homens. Al\u00e9m disso, a For\u00e7a enviou 28 blindados e mais de 100 viaturas para Roraima, al\u00e9m de equipamentos e armamentos.<\/p>\n\n\n\n<p><strong><em>Com informa\u00e7\u00f5es da CNN Brasil<\/em><\/strong><\/p>\n","protected":false},"excerpt":{"rendered":"<p>A fronteira do Brasil com a Venezuela em Roraima deve continuar fechada at\u00e9 esta segunda-feira (13). \u00c9 o que diz um comunicado divulgado pelo governo brasileiro. Segundo a nota, o fechamento ocorreu por decis\u00e3o das autoridades venezuelanas. Em caso de emerg\u00eancia, cidad\u00e3os brasileiros poder\u00e3o acionar os plant\u00f5es consulares da Embaixada do Brasil em Caracas (+58 [&hellip;]<\/p>\n","protected":false},"author":123458,"featured_media":3958,"comment_status":"open","ping_status":"open","sticky":false,"template":"","format":"standard","meta":{"footnotes":""},"categories":[19,31],"tags":[1496,1724,349,831,277,625,149],"class_list":["post-3957","post","type-post","status-publish","format-standard","has-post-thumbnail","hentry","category-brasil","category-politica","tag-brasil","tag-comando-militar","tag-exercito","tag-fronteira","tag-pacaraima","tag-santa-elena-de-uairen","tag-venezuela"],"_links":{"self":[{"href":"https:\/\/amororaima.com.br\/index.php\/wp-json\/wp\/v2\/posts\/3957","targetHints":{"allow":["GET"]}}],"collection":[{"href":"https:\/\/amororaima.com.br\/index.php\/wp-json\/wp\/v2\/posts"}],"about":[{"href":"https:\/\/amororaima.com.br\/index.php\/wp-json\/wp\/v2\/types\/post"}],"author":[{"embeddable":true,"href":"https:\/\/amororaima.com.br\/index.php\/wp-json\/wp\/v2\/users\/123458"}],"replies":[{"embeddable":true,"href":"https:\/\/amororaima.com.br\/index.php\/wp-json\/wp\/v2\/comments?post=3957"}],"version-history":[{"count":1,"href":"https:\/\/amororaima.com.br\/index.php\/wp-json\/wp\/v2\/posts\/3957\/revisions"}],"predecessor-version":[{"id":3959,"href":"https:\/\/amororaima.com.br\/index.php\/wp-json\/wp\/v2\/posts\/3957\/revisions\/3959"}],"wp:featuredmedia":[{"embeddable":true,"href":"https:\/\/amororaima.com.br\/index.php\/wp-json\/wp\/v2\/media\/3958"}],"wp:attachment":[{"href":"https:\/\/amororaima.com.br\/index.php\/wp-json\/wp\/v2\/media?parent=3957"}],"wp:term":[{"taxonomy":"category","embeddable":true,"href":"https:\/\/amororaima.com.br\/index.php\/wp-json\/wp\/v2\/categories?post=3957"},{"taxonomy":"post_tag","embeddable":true,"href":"https:\/\/amororaima.com.br\/index.php\/wp-json\/wp\/v2\/tags?post=3957"}],"curies":[{"name":"wp","href":"https:\/\/api.w.org\/{rel}","templated":true}]}}