{"id":3942,"date":"2025-01-10T12:00:00","date_gmt":"2025-01-10T15:00:00","guid":{"rendered":"https:\/\/amororaima.com.br\/?p=3942"},"modified":"2025-01-10T13:02:30","modified_gmt":"2025-01-10T16:02:30","slug":"maduro-assume-terceiro-mandato-e-deve-ficar-na-presidencia-da-venezuela-pelo-menos-ate-janeiro-de-2031","status":"publish","type":"post","link":"https:\/\/amororaima.com.br\/index.php\/2025\/01\/10\/maduro-assume-terceiro-mandato-e-deve-ficar-na-presidencia-da-venezuela-pelo-menos-ate-janeiro-de-2031\/","title":{"rendered":"Maduro assume terceiro mandato e deve ficar na presid\u00eancia da Venezuela pelo menos at\u00e9 janeiro de 2031"},"content":{"rendered":"\n<p>Em meio \u00e0s press\u00f5es externas e internas, o presidente da Venezuela, Nicol\u00e1s Maduro, assume, nesta sexta-feira (10), seu terceiro mandato \u00e0 frente do Pal\u00e1cio de Miraflores, em Caracas, onde promete ficar at\u00e9, pelo menos, 10 de janeiro de 2031.<\/p>\n\n\n\n<p>A posse ocorre em meio \u00e0 condena\u00e7\u00e3o das pot\u00eancias ocidentais, como Uni\u00e3o Europeia, Estados Unidos e Canad\u00e1, e diversos governos regionais, como Argentina e Chile, que acusam o governo de fraudar as <a href=\"https:\/\/amororaima.com.br\/index.php\/2024\/08\/08\/resultados-da-oposicao-batem-estatisticamente-na-venezuela-do-governo-nao\/\" target=\"_blank\" rel=\"noreferrer noopener\"><strong>elei\u00e7\u00f5es presidenciais de 28 de julho de 2024<\/strong><\/a>.<\/p>\n\n\n\n<p>Mesmo governos mais pr\u00f3ximos de Caracas, como Col\u00f4mbia e Brasil, criticam que a elei\u00e7\u00e3o passada n\u00e3o foi transparente porque n\u00e3o foram divulgados todos os dados eleitorais. Ainda assim, devem enviar representante diplom\u00e1ticos \u00e0 posse. O governo mexicano informou que n\u00e3o se envolve com quest\u00f5es internas do pa\u00eds sul-americano e enviar\u00e1 um representante.<\/p>\n\n\n\n<p>Segundo o governo venezuelano, cerca de dois mil convidados internacionais, entre representantes de governos, movimentos sociais e culturais, devem participar da posse de Maduro, marcada para as 13h desta sexta-feira, no hor\u00e1rio de Bras\u00edlia.<\/p>\n\n\n\n<p>Na quinta-feira (9), manifesta\u00e7\u00f5es opositoras foram registradas em v\u00e1rias cidades do pa\u00eds, incluindo Caracas, com a presen\u00e7a da principal lideran\u00e7a de oposi\u00e7\u00e3o, a ex-deputada Maria Corina Machado, pedindo que Edmundo Gonz\u00e1lez assuma no lugar de Maduro.&nbsp;<\/p>\n\n\n\n<p>A not\u00edcia, depois desmentida, da pris\u00e3o de Maria Corina Machado ap\u00f3s os atos, serviu para dar ainda mais dramaticidade ao momento pol\u00edtico venezuelano. &nbsp;&nbsp;&nbsp;<\/p>\n\n\n\n<p>O candidato advers\u00e1rio Edmundo Gonz\u00e1lez, que alega ter vencido as \u00faltimas elei\u00e7\u00f5es, comemorou os protestos de ontem em uma rede social: \u201choje, mais uma vez, o povo venezuelano sair\u00e1 \u00e0s ruas para exigir respeito \u00e0 vontade expressa nas elei\u00e7\u00f5es de 28 de julho. Unidos, alcan\u00e7aremos a Venezuela livre e pac\u00edfica que merecemos. N\u00e3o estamos sozinhos!\u201d&nbsp;<\/p>\n\n\n\n<p>Um ato pr\u00f3-governo tamb\u00e9m foi registrado em Caracas. Nesta sexta, a expectativa \u00e9 de que as for\u00e7as chavistas acompanhem a posse de Maduro em diversas cidades do pa\u00eds para refor\u00e7ar o apoio \u00e0 chamada Revolu\u00e7\u00e3o Bolivariana, processo pol\u00edtico iniciado em 1999, com o primeiro governo de Hugo Ch\u00e1vez.<\/p>\n\n\n\n<p><strong>Reforma<\/strong><\/p>\n\n\n\n<p>Como primeira medida do novo mandato, o presidente Nicol\u00e1s Maduro deve editar decreto para criar uma comiss\u00e3o com o objetivo de elaborar uma reforma constitucional para, em suas palavras, consolidar \u201ca soberania popular\u201d com a constru\u00e7\u00e3o de um novo modelo de Estado, ent\u00e3o chamado de \u201cEstado comunal\u201d, projeto inicialmente idealizado pelo ex-presidente Hugo Ch\u00e1vez. &nbsp;&nbsp;<\/p>\n\n\n\n<p>\u201cO objetivo da reforma constitucional \u00e9 definir com claridade o modelo de desenvolvimento venezuelano para os pr\u00f3ximos 30 anos, e democratizar at\u00e9 o infinito a vida pol\u00edtica e social da Venezuela. Transformar esse estado em verdadeiramente democr\u00e1tico de e para o povo, que consiga a harmonia e a unifica\u00e7\u00e3o da Venezuela em torno de um projeto comum, de consenso\u201d, explicou Maduro.<\/p>\n\n\n\n<p>A reforma deve ser debatida na Assembleia Nacional do pa\u00eds, de maioria chavista, com um referendo popular convocado para confirmar as mudan\u00e7as at\u00e9 o fim do ano, segundo previs\u00e3o de Maduro. Al\u00e9m do referendo previsto, a Venezuela ter\u00e1 elei\u00e7\u00f5es regionais, para estados e munic\u00edpios, e para a Assembleia Nacional em 2025, mas a data exata ainda n\u00e3o foi divulgada.&nbsp;<\/p>\n\n\n\n<p><strong>Oposi\u00e7\u00e3o<\/strong><\/p>\n\n\n\n<p>Exilado na&nbsp;Espanha desde setembro de 2024, Edmundo Gonz\u00e1lez iniciou, na semana passada, um giro por pa\u00edses para reunir apoio internacional contra a posse de Maduro, tendo sido recebido pelos presidentes da Argentina, Uruguai, Estados Unidos, Panam\u00e1 e Rep\u00fablica Dominicana.<\/p>\n\n\n\n<p>Nos Estados Unidos, o opositor&nbsp;pediu que militares impe\u00e7am&nbsp;a posse de Maduro. Em contrapartida, o governo Maduro promete prender Edmundo por tentativa de golpe de Estado caso regresse ao pa\u00eds, chegando a&nbsp;oferecer US$ 100 mil&nbsp;por informa\u00e7\u00f5es que levem a sua captura. &nbsp;<\/p>\n\n\n\n<p>O ministro do Interior da Venezuela, Diosdado Cabello, informou que cerca de 150 mercen\u00e1rios de 25 nacionalidades foram presos na Venezuela acusados de tentarem desestabilizar politicamente o pa\u00eds para impedir a posse de Maduro.<\/p>\n\n\n\n<p>Dias antes da posse, foi preso o ex-candidato \u00e0 presid\u00eancia do pa\u00eds Enrique M\u00e1rquez, do partido Centrados, acusado de tentativa de golpe de Estado. De acordo com o governo, M\u00e1rquez estaria articulando a posse paralela de Edmundo Gonz\u00e1lez \u00e0 presid\u00eancia do pa\u00eds a partir de alguma embaixada venezuelana no exterior.<\/p>\n\n\n\n<p>Em nota divulgada nesta quinta-feira, a Frente Democr\u00e1tica Popular, coaliz\u00e3o que apoia o ent\u00e3o candidato presidencial Enrique M\u00e1rques, negou as acusa\u00e7\u00f5es do governo contra o opositor.<\/p>\n\n\n\n<p>\u201cDenunciamos energicamente a campanha de difama\u00e7\u00e3o empreendida pelo ministro do Interior e Justi\u00e7a, Diosdado Cabello, que tem como objetivo criminalizar nossos companheiros\u201d, informou a organiza\u00e7\u00e3o.<\/p>\n\n\n\n<p><strong><em>Com informa\u00e7\u00f5es da Ag\u00eancia Brasil<\/em><\/strong><\/p>\n","protected":false},"excerpt":{"rendered":"<p>Em meio \u00e0s press\u00f5es externas e internas, o presidente da Venezuela, Nicol\u00e1s Maduro, assume, nesta sexta-feira (10), seu terceiro mandato \u00e0 frente do Pal\u00e1cio de Miraflores, em Caracas, onde promete ficar at\u00e9, pelo menos, 10 de janeiro de 2031. A posse ocorre em meio \u00e0 condena\u00e7\u00e3o das pot\u00eancias ocidentais, como Uni\u00e3o Europeia, Estados Unidos e [&hellip;]<\/p>\n","protected":false},"author":123458,"featured_media":3943,"comment_status":"closed","ping_status":"closed","sticky":false,"template":"","format":"standard","meta":{"footnotes":""},"categories":[21,31],"tags":[1716,1718,1717,283,221,149],"class_list":["post-3942","post","type-post","status-publish","format-standard","has-post-thumbnail","hentry","category-mundo","category-politica","tag-edmundo-gonzalez","tag-hugo-chavez","tag-maria-corina-machado","tag-nicolas-maduro","tag-posse","tag-venezuela"],"_links":{"self":[{"href":"https:\/\/amororaima.com.br\/index.php\/wp-json\/wp\/v2\/posts\/3942","targetHints":{"allow":["GET"]}}],"collection":[{"href":"https:\/\/amororaima.com.br\/index.php\/wp-json\/wp\/v2\/posts"}],"about":[{"href":"https:\/\/amororaima.com.br\/index.php\/wp-json\/wp\/v2\/types\/post"}],"author":[{"embeddable":true,"href":"https:\/\/amororaima.com.br\/index.php\/wp-json\/wp\/v2\/users\/123458"}],"replies":[{"embeddable":true,"href":"https:\/\/amororaima.com.br\/index.php\/wp-json\/wp\/v2\/comments?post=3942"}],"version-history":[{"count":2,"href":"https:\/\/amororaima.com.br\/index.php\/wp-json\/wp\/v2\/posts\/3942\/revisions"}],"predecessor-version":[{"id":3945,"href":"https:\/\/amororaima.com.br\/index.php\/wp-json\/wp\/v2\/posts\/3942\/revisions\/3945"}],"wp:featuredmedia":[{"embeddable":true,"href":"https:\/\/amororaima.com.br\/index.php\/wp-json\/wp\/v2\/media\/3943"}],"wp:attachment":[{"href":"https:\/\/amororaima.com.br\/index.php\/wp-json\/wp\/v2\/media?parent=3942"}],"wp:term":[{"taxonomy":"category","embeddable":true,"href":"https:\/\/amororaima.com.br\/index.php\/wp-json\/wp\/v2\/categories?post=3942"},{"taxonomy":"post_tag","embeddable":true,"href":"https:\/\/amororaima.com.br\/index.php\/wp-json\/wp\/v2\/tags?post=3942"}],"curies":[{"name":"wp","href":"https:\/\/api.w.org\/{rel}","templated":true}]}}