{"id":3855,"date":"2025-01-05T11:30:00","date_gmt":"2025-01-05T14:30:00","guid":{"rendered":"https:\/\/amororaima.com.br\/?p=3855"},"modified":"2025-01-05T12:33:04","modified_gmt":"2025-01-05T15:33:04","slug":"parlamentares-assumem-nova-mesa-diretora-da-ale-rr-com-promessa-de-mais-transparencia-e-dialogo-com-sociedade","status":"publish","type":"post","link":"https:\/\/amororaima.com.br\/index.php\/2025\/01\/05\/parlamentares-assumem-nova-mesa-diretora-da-ale-rr-com-promessa-de-mais-transparencia-e-dialogo-com-sociedade\/","title":{"rendered":"Parlamentares assumem nova Mesa Diretora da ALE-RR com promessa de mais transpar\u00eancia e di\u00e1logo com sociedade"},"content":{"rendered":"\n<p id=\"block-300a73f6-0caa-4b14-9653-648d005a55d6\">A partir deste domingo (5), a Mesa Diretora da Assembleia Legislativa de Roraima (ALE-RR) tem nova composi\u00e7\u00e3o para o bi\u00eanio 2025-2026, sob a presid\u00eancia de Soldado Sampaio (Republicanos), que conduzir\u00e1 os trabalhos com outros dez parlamentares.<\/p>\n\n\n\n<p id=\"block-d9175682-717c-4206-bb14-9a1c8c071bb6\">Com maior representatividade partid\u00e1ria, a Mesa Diretora tem como primeiro-vice-presidente Jorge Everton (Uni\u00e3o Brasil), seguido por Chico Mozart (Progressistas), na segunda vice-presid\u00eancia, e Eder Lourinho (PSD), como terceiro-vice-presidente.<\/p>\n\n\n\n<p id=\"block-8ef33967-0ba8-48f5-8fb3-aa5ed3ae2de4\">Na secretaria, Renato Silva (Podemos) ocupa o cargo de primeiro-secret\u00e1rio, tendo como principal atribui\u00e7\u00e3o a inspe\u00e7\u00e3o dos servi\u00e7os administrativos e fiscaliza\u00e7\u00e3o das despesas da Casa. Aurelina Medeiros (Progressistas) assume como segunda-secret\u00e1ria, Rarison Barbosa (PMB), terceiro-secret\u00e1rio, e Marcinho Belota (PRTB), quarto-secret\u00e1rio.<\/p>\n\n\n\n<p id=\"block-83f50a2a-c840-48cc-a331-434007ab31b1\">A nova composi\u00e7\u00e3o mant\u00e9m cargos estrat\u00e9gicos como a Corregedoria-Geral, ocupada por Dr. Cl\u00e1udio Cirurgi\u00e3o (Uni\u00e3o Brasil). O \u00f3rg\u00e3o \u00e9 respons\u00e1vel por manter o decoro parlamentar e apurar poss\u00edveis il\u00edcitos envolvendo deputados.<\/p>\n\n\n\n<p id=\"block-a5f1d5db-add1-4c62-935b-54dc6622df91\">Isamar J\u00fanior (Podemos) permanece como ouvidor-geral, respons\u00e1vel por receber demandas da popula\u00e7\u00e3o e propor medidas para melhoria dos trabalhos legislativos.<\/p>\n\n\n\n<p id=\"block-76ad448b-872b-429b-860b-ccb0c191719c\">Joilma Teodora (Podemos) continua \u00e0 frente da Secretaria Especial da Mulher, que coordena importantes iniciativas como o Centro Humanit\u00e1rio de Apoio \u00e0 Mulher (Chame) e o Centro Reflexivo Reconstruir.<\/p>\n\n\n\n<p id=\"block-33a60bfc-9243-40b8-99c0-4b02e80daf63\"><strong>Di\u00e1logo com popula\u00e7\u00e3o<\/strong><\/p>\n\n\n\n<p id=\"block-94c399bf-14ff-46c0-9e15-acacf3f1ebe6\">De acordo com o presidente Soldado Sampaio (Republicanos), a nova gest\u00e3o da Assembleia Legislativa reafirma seu compromisso com um trabalho participativo e transparente.<\/p>\n\n\n\n<p id=\"block-1af5f7b1-81c8-452a-844f-fabe89bd39bc\">\u201cNossa administra\u00e7\u00e3o sempre se baseou no di\u00e1logo constante com a popula\u00e7\u00e3o roraimense, que \u00e9 convidada a participar ativamente das decis\u00f5es legislativas, seja na elabora\u00e7\u00e3o do or\u00e7amento ou em mat\u00e9rias que impactam diretamente os servi\u00e7os p\u00fablicos. Esse compromisso seguir\u00e1 firme neste novo bi\u00eanio\u201d, afirmou.<\/p>\n\n\n\n<p id=\"block-0d63a863-f52a-46f5-86b3-ede5562cf4bf\">Ele lembrou que, durante sua gest\u00e3o anterior, a Casa aprovou diversos planos de cargos, carreiras e remunera\u00e7\u00e3o (PCCR), beneficiando servidores p\u00fablicos, inclusive os do pr\u00f3prio Legislativo. Tamb\u00e9m foram promovidos debates importantes por meio de audi\u00eancias p\u00fablicas, como a discuss\u00e3o sobre a proibi\u00e7\u00e3o da pesca do tucunar\u00e9 em Roraima.<\/p>\n\n\n\n<p id=\"block-2b07e1cf-db61-4763-bddb-41e4bc974102\">\u201cO compromisso da nossa Mesa Diretora \u00e9 com as reais demandas da popula\u00e7\u00e3o, abrangendo desde o funcionalismo p\u00fablico, essencial para o funcionamento da m\u00e1quina do Estado, at\u00e9 pequenos agricultores e empres\u00e1rios que buscam incentivos para suas atividades. Al\u00e9m disso, aperfei\u00e7oamos os programas permanentes para aproximar ainda mais o Legislativo da popula\u00e7\u00e3o\u201d, ressaltou Sampaio.<\/p>\n\n\n\n<p id=\"block-f66148aa-c04e-426c-9d5f-b2068ae65425\"><strong>Programas<\/strong><\/p>\n\n\n\n<p id=\"block-7e62acff-3678-4952-8bc0-f355c47f9b59\">Entre os programas permanentes da ALE-RR, est\u00e3o o Centro de Acolhimento ao Autista (Teamarr), integrante do Programa de Atendimento Comunit\u00e1rio do Poder Legislativo, que oferece apoio multidisciplinar gratuito para fam\u00edlias com crian\u00e7as e adolescentes autistas; a Escola do Legislativo (Escolegis), que disponibiliza cursos preparat\u00f3rios para vestibulares, concursos p\u00fablicos e capacita\u00e7\u00e3o para o mercado de trabalho; e o Centro de Apoio aos Munic\u00edpios (CAM), que presta assessoria t\u00e9cnica \u00e0s prefeituras e c\u00e2maras municipais, especialmente na atualiza\u00e7\u00e3o de leis e em quest\u00f5es tribut\u00e1rias.<\/p>\n\n\n\n<p id=\"block-718078eb-01e4-4134-9b07-aca7b9f0ab06\">Outro destaque \u00e9 o Centro de Conviv\u00eancia da Juventude (CCJuv), que atende crian\u00e7as e adolescentes da capital e do interior com mais de 15 modalidades esportivas e culturais gratuitas.<\/p>\n\n\n\n<p id=\"block-a8d0bd6e-509b-49a6-ae8a-54b70956b493\">\u201cProgramas como esses, junto com o Procon Assembleia, o Fiscaliza e de Defesa dos Diretos Humanos e Cidadania, continuar\u00e3o sendo prioridade, pois representam o bra\u00e7o social do Poder Legislativo. Seguiremos aperfei\u00e7oando nossas a\u00e7\u00f5es para ampliar ainda mais o alcance e a qualidade dos servi\u00e7os prestados \u00e0 sociedade roraimense\u201d, concluiu Sampaio.<\/p>\n","protected":false},"excerpt":{"rendered":"<p>A partir deste domingo (5), a Mesa Diretora da Assembleia Legislativa de Roraima (ALE-RR) tem nova composi\u00e7\u00e3o para o bi\u00eanio 2025-2026, sob a presid\u00eancia de Soldado Sampaio (Republicanos), que conduzir\u00e1 os trabalhos com outros dez parlamentares. Com maior representatividade partid\u00e1ria, a Mesa Diretora tem como primeiro-vice-presidente Jorge Everton (Uni\u00e3o Brasil), seguido por Chico Mozart (Progressistas), [&hellip;]<\/p>\n","protected":false},"author":123458,"featured_media":3856,"comment_status":"closed","ping_status":"closed","sticky":false,"template":"","format":"standard","meta":{"footnotes":""},"categories":[31,20],"tags":[71,1211,1670,1672,1671,70,1210,1107],"class_list":["post-3855","post","type-post","status-publish","format-standard","has-post-thumbnail","hentry","category-politica","category-roraima","tag-ale-rr","tag-bienio-2025-2026","tag-ccjuv","tag-centro-reflexivo-reconstruir","tag-chame","tag-escolegis","tag-mesa-diretora","tag-teamarr"],"_links":{"self":[{"href":"https:\/\/amororaima.com.br\/index.php\/wp-json\/wp\/v2\/posts\/3855","targetHints":{"allow":["GET"]}}],"collection":[{"href":"https:\/\/amororaima.com.br\/index.php\/wp-json\/wp\/v2\/posts"}],"about":[{"href":"https:\/\/amororaima.com.br\/index.php\/wp-json\/wp\/v2\/types\/post"}],"author":[{"embeddable":true,"href":"https:\/\/amororaima.com.br\/index.php\/wp-json\/wp\/v2\/users\/123458"}],"replies":[{"embeddable":true,"href":"https:\/\/amororaima.com.br\/index.php\/wp-json\/wp\/v2\/comments?post=3855"}],"version-history":[{"count":2,"href":"https:\/\/amororaima.com.br\/index.php\/wp-json\/wp\/v2\/posts\/3855\/revisions"}],"predecessor-version":[{"id":3859,"href":"https:\/\/amororaima.com.br\/index.php\/wp-json\/wp\/v2\/posts\/3855\/revisions\/3859"}],"wp:featuredmedia":[{"embeddable":true,"href":"https:\/\/amororaima.com.br\/index.php\/wp-json\/wp\/v2\/media\/3856"}],"wp:attachment":[{"href":"https:\/\/amororaima.com.br\/index.php\/wp-json\/wp\/v2\/media?parent=3855"}],"wp:term":[{"taxonomy":"category","embeddable":true,"href":"https:\/\/amororaima.com.br\/index.php\/wp-json\/wp\/v2\/categories?post=3855"},{"taxonomy":"post_tag","embeddable":true,"href":"https:\/\/amororaima.com.br\/index.php\/wp-json\/wp\/v2\/tags?post=3855"}],"curies":[{"name":"wp","href":"https:\/\/api.w.org\/{rel}","templated":true}]}}