{"id":3760,"date":"2024-12-31T10:38:00","date_gmt":"2024-12-31T13:38:00","guid":{"rendered":"https:\/\/amororaima.com.br\/?p=3760"},"modified":"2024-12-31T11:40:17","modified_gmt":"2024-12-31T14:40:17","slug":"prefeitura-convoca-257-professores-para-atuar-nas-escolas-da-zona-urbana-de-boa-vista","status":"publish","type":"post","link":"https:\/\/amororaima.com.br\/index.php\/2024\/12\/31\/prefeitura-convoca-257-professores-para-atuar-nas-escolas-da-zona-urbana-de-boa-vista\/","title":{"rendered":"Prefeitura convoca 257 professores para atuar nas escolas da zona urbana de Boa Vista"},"content":{"rendered":"\n<p>A Prefeitura de Boa Vista convocou 257 professores aprovados no concurso p\u00fablico da educa\u00e7\u00e3o de 2022. A lista com os nomes dos profissionais foi publicada no <a href=\"https:\/\/na01.safelinks.protection.outlook.com\/?url=https%3A%2F%2Fpublicacoes.boavista.rr.gov.br%2Fdiarios%2Fedicao%2F6260&amp;data=05%7C02%7C%7Ced324c519ecb4cc420cc08dd2921a76c%7C84df9e7fe9f640afb435aaaaaaaaaaaa%7C1%7C0%7C638711949529065434%7CUnknown%7CTWFpbGZsb3d8eyJFbXB0eU1hcGkiOnRydWUsIlYiOiIwLjAuMDAwMCIsIlAiOiJXaW4zMiIsIkFOIjoiTWFpbCIsIldUIjoyfQ%3D%3D%7C0%7C%7C%7C&amp;sdata=cuMnsofdpMUcXY%2B75nJQeLuc7vSTSKcaXDoEz%2FJLPhw%3D&amp;reserved=0\" target=\"_blank\" rel=\"noreferrer noopener\"><strong>Di\u00e1rio Oficial do Munic\u00edpio (DOM) desta segunda-feira<\/strong> <\/a>(30).<\/p>\n\n\n\n<p>Os convocados devem entregar documenta\u00e7\u00e3o comprobat\u00f3ria no per\u00edodo de 3 a 12 de janeiro de 2025. Al\u00e9m disso, a posse fica condicionada \u00e0 comprova\u00e7\u00e3o de aptid\u00e3o f\u00edsica e mental para o exerc\u00edcio do cargo, atestada em inspe\u00e7\u00e3o m\u00e9dica oficial e exames m\u00e9dicos, al\u00e9m da apresenta\u00e7\u00e3o dos documentos admissionais.&nbsp;<\/p>\n\n\n\n<p>Os novos servidores empossados v\u00e3o atuar nas escolas urbanas do munic\u00edpio. A data da posse ser\u00e1 definida ap\u00f3s entrega de documenta\u00e7\u00e3o dos candidatos convocados. O processo \u00e9 feito de forma totalmente virtual, por meio da p\u00e1gina \u201cConcursos e Seletivos\u201d do <a href=\"https:\/\/na01.safelinks.protection.outlook.com\/?url=https%3A%2F%2Fboavista.rr.gov.br%2F&amp;data=05%7C02%7C%7Ced324c519ecb4cc420cc08dd2921a76c%7C84df9e7fe9f640afb435aaaaaaaaaaaa%7C1%7C0%7C638711949529083527%7CUnknown%7CTWFpbGZsb3d8eyJFbXB0eU1hcGkiOnRydWUsIlYiOiIwLjAuMDAwMCIsIlAiOiJXaW4zMiIsIkFOIjoiTWFpbCIsIldUIjoyfQ%3D%3D%7C0%7C%7C%7C&amp;sdata=g9renM9%2FW4HPEbbuTaXgHy9bIt%2FNOk4BlID7cRwkThs%3D&amp;reserved=0\" target=\"_blank\" rel=\"noreferrer noopener\"><strong>site oficial da Prefeitura de Boa Vista<\/strong><\/a>.<\/p>\n\n\n\n<p><strong>Investimentos<\/strong><\/p>\n\n\n\n<p>Dois dos destaques deste ano na educa\u00e7\u00e3o municipal s\u00e3o a oferta do 6\u00b0 ano do ensino fundamental, que em 2025 passa a ser lecionado em quatro escolas, e a inser\u00e7\u00e3o do 7\u00b0 ano na Escola Municipal Professora Nara Ney.&nbsp;<\/p>\n\n\n\n<p>Atualmente, quatro escolas est\u00e3o sendo constru\u00eddas em Boa Vista, al\u00e9m da amplia\u00e7\u00e3o de outras unidades de ensino. J\u00e1 no in\u00edcio de 2025, a prefeitura vai licitar obras de mais institui\u00e7\u00f5es educacionais.<\/p>\n","protected":false},"excerpt":{"rendered":"<p>A Prefeitura de Boa Vista convocou 257 professores aprovados no concurso p\u00fablico da educa\u00e7\u00e3o de 2022. A lista com os nomes dos profissionais foi publicada no Di\u00e1rio Oficial do Munic\u00edpio (DOM) desta segunda-feira (30). Os convocados devem entregar documenta\u00e7\u00e3o comprobat\u00f3ria no per\u00edodo de 3 a 12 de janeiro de 2025. Al\u00e9m disso, a posse fica [&hellip;]<\/p>\n","protected":false},"author":123458,"featured_media":3761,"comment_status":"closed","ping_status":"closed","sticky":false,"template":"","format":"standard","meta":{"footnotes":""},"categories":[29,20],"tags":[1628,78,1629,811,222,1600],"class_list":["post-3760","post","type-post","status-publish","format-standard","has-post-thumbnail","hentry","category-educacao","category-roraima","tag-concurso-2022","tag-educacao","tag-ensino-fundamental","tag-escolas-municipais","tag-prefeitura-de-boa-vista","tag-professores"],"_links":{"self":[{"href":"https:\/\/amororaima.com.br\/index.php\/wp-json\/wp\/v2\/posts\/3760","targetHints":{"allow":["GET"]}}],"collection":[{"href":"https:\/\/amororaima.com.br\/index.php\/wp-json\/wp\/v2\/posts"}],"about":[{"href":"https:\/\/amororaima.com.br\/index.php\/wp-json\/wp\/v2\/types\/post"}],"author":[{"embeddable":true,"href":"https:\/\/amororaima.com.br\/index.php\/wp-json\/wp\/v2\/users\/123458"}],"replies":[{"embeddable":true,"href":"https:\/\/amororaima.com.br\/index.php\/wp-json\/wp\/v2\/comments?post=3760"}],"version-history":[{"count":1,"href":"https:\/\/amororaima.com.br\/index.php\/wp-json\/wp\/v2\/posts\/3760\/revisions"}],"predecessor-version":[{"id":3762,"href":"https:\/\/amororaima.com.br\/index.php\/wp-json\/wp\/v2\/posts\/3760\/revisions\/3762"}],"wp:featuredmedia":[{"embeddable":true,"href":"https:\/\/amororaima.com.br\/index.php\/wp-json\/wp\/v2\/media\/3761"}],"wp:attachment":[{"href":"https:\/\/amororaima.com.br\/index.php\/wp-json\/wp\/v2\/media?parent=3760"}],"wp:term":[{"taxonomy":"category","embeddable":true,"href":"https:\/\/amororaima.com.br\/index.php\/wp-json\/wp\/v2\/categories?post=3760"},{"taxonomy":"post_tag","embeddable":true,"href":"https:\/\/amororaima.com.br\/index.php\/wp-json\/wp\/v2\/tags?post=3760"}],"curies":[{"name":"wp","href":"https:\/\/api.w.org\/{rel}","templated":true}]}}