{"id":3711,"date":"2024-12-24T07:00:00","date_gmt":"2024-12-24T10:00:00","guid":{"rendered":"https:\/\/amororaima.com.br\/?p=3711"},"modified":"2024-12-23T22:18:18","modified_gmt":"2024-12-24T01:18:18","slug":"foragido-de-roraima-suspeito-de-assaltos-a-residencias-e-preso-em-bairro-nobre-de-blumenau-em-santa-catarina","status":"publish","type":"post","link":"https:\/\/amororaima.com.br\/index.php\/2024\/12\/24\/foragido-de-roraima-suspeito-de-assaltos-a-residencias-e-preso-em-bairro-nobre-de-blumenau-em-santa-catarina\/","title":{"rendered":"Foragido de Roraima suspeito de assaltos a resid\u00eancias \u00e9 preso em bairro nobre de Blumenau, em Santa Catarina"},"content":{"rendered":"\n<p>Um foragido da Justi\u00e7a de Roraima foi preso na tarde desta segunda-feira (23) no munic\u00edpio de Blumenau, Santa Catarina. Geneson Ara\u00fajo de Matos, de 22 anos, \u00e9 suspeito de integrar um grupo criminoso envolvido em uma s\u00e9rie de roubos a resid\u00eancias em Boa Vista.<\/p>\n\n\n\n<p>O mandado de pris\u00e3o, expedido pela Vara Criminal da Comarca da capital roraimense, foi cumprido por agentes do Departamento de Investiga\u00e7\u00f5es Criminais da Pol\u00edcia Civil catarinense.<\/p>\n\n\n\n<p>O jovem fugiu para Blumenau em agosto deste ano, ap\u00f3s a expedi\u00e7\u00e3o do mandado. Ele foi encontrado em um im\u00f3vel na Rua Igua\u00e7u, no bairro Itoupava Seca, regi\u00e3o nobre da cidade.<\/p>\n\n\n\n<p>Ap\u00f3s ser preso, Geneson foi levado para o pres\u00eddio do munic\u00edpio, onde permanece \u00e0 disposi\u00e7\u00e3o da Justi\u00e7a de Roraima.<\/p>\n","protected":false},"excerpt":{"rendered":"<p>Um foragido da Justi\u00e7a de Roraima foi preso na tarde desta segunda-feira (23) no munic\u00edpio de Blumenau, Santa Catarina. Geneson Ara\u00fajo de Matos, de 22 anos, \u00e9 suspeito de integrar um grupo criminoso envolvido em uma s\u00e9rie de roubos a resid\u00eancias em Boa Vista. O mandado de pris\u00e3o, expedido pela Vara Criminal da Comarca da [&hellip;]<\/p>\n","protected":false},"author":123458,"featured_media":3712,"comment_status":"closed","ping_status":"closed","sticky":false,"template":"","format":"standard","meta":{"footnotes":""},"categories":[34,20],"tags":[1595,111,150,1593,1594,1596],"class_list":["post-3711","post","type-post","status-publish","format-standard","has-post-thumbnail","hentry","category-policia","category-roraima","tag-blumenau","tag-boa-vista","tag-foragido","tag-grupo-criminoso","tag-santa-catarina","tag-vara-criminal"],"_links":{"self":[{"href":"https:\/\/amororaima.com.br\/index.php\/wp-json\/wp\/v2\/posts\/3711","targetHints":{"allow":["GET"]}}],"collection":[{"href":"https:\/\/amororaima.com.br\/index.php\/wp-json\/wp\/v2\/posts"}],"about":[{"href":"https:\/\/amororaima.com.br\/index.php\/wp-json\/wp\/v2\/types\/post"}],"author":[{"embeddable":true,"href":"https:\/\/amororaima.com.br\/index.php\/wp-json\/wp\/v2\/users\/123458"}],"replies":[{"embeddable":true,"href":"https:\/\/amororaima.com.br\/index.php\/wp-json\/wp\/v2\/comments?post=3711"}],"version-history":[{"count":1,"href":"https:\/\/amororaima.com.br\/index.php\/wp-json\/wp\/v2\/posts\/3711\/revisions"}],"predecessor-version":[{"id":3713,"href":"https:\/\/amororaima.com.br\/index.php\/wp-json\/wp\/v2\/posts\/3711\/revisions\/3713"}],"wp:featuredmedia":[{"embeddable":true,"href":"https:\/\/amororaima.com.br\/index.php\/wp-json\/wp\/v2\/media\/3712"}],"wp:attachment":[{"href":"https:\/\/amororaima.com.br\/index.php\/wp-json\/wp\/v2\/media?parent=3711"}],"wp:term":[{"taxonomy":"category","embeddable":true,"href":"https:\/\/amororaima.com.br\/index.php\/wp-json\/wp\/v2\/categories?post=3711"},{"taxonomy":"post_tag","embeddable":true,"href":"https:\/\/amororaima.com.br\/index.php\/wp-json\/wp\/v2\/tags?post=3711"}],"curies":[{"name":"wp","href":"https:\/\/api.w.org\/{rel}","templated":true}]}}