{"id":3609,"date":"2024-12-16T10:09:00","date_gmt":"2024-12-16T13:09:00","guid":{"rendered":"https:\/\/amororaima.com.br\/?p=3609"},"modified":"2024-12-18T11:37:36","modified_gmt":"2024-12-18T14:37:36","slug":"secretaria-atualiza-profissionais-de-saude-sobre-rotinas-de-controle-da-meningite-em-roraima","status":"publish","type":"post","link":"https:\/\/amororaima.com.br\/index.php\/2024\/12\/16\/secretaria-atualiza-profissionais-de-saude-sobre-rotinas-de-controle-da-meningite-em-roraima\/","title":{"rendered":"Secretaria atualiza profissionais de sa\u00fade sobre rotinas de controle da meningite em Roraima\u00a0"},"content":{"rendered":"\n<p>A Secretaria Estadual de Sa\u00fade (Sesau) emitiu nota t\u00e9cnica com defini\u00e7\u00e3o de caso suspeito, procedimentos e fluxos referentes \u00e0 meningite em Roraima.<\/p>\n\n\n\n<p>A atualiza\u00e7\u00e3o das rotinas de controle da doen\u00e7a no Estado tem como principal finalidade informar os profissionais que atuam em toda a rede do Sistema \u00danico de Sa\u00fade (SUS), seja ela unidade hospitalar ou de aten\u00e7\u00e3o prim\u00e1ria.<\/p>\n\n\n\n<p>\u201cA nota aborda a situa\u00e7\u00e3o epidemiol\u00f3gica no Brasil e em Roraima, a cobertura vacinal e traz a defini\u00e7\u00e3o de casos suspeitos de meningite, a import\u00e2ncia da notifica\u00e7\u00e3o imediata, orienta\u00e7\u00f5es da investiga\u00e7\u00e3o e fluxo laboratorial, coleta e o envio de amostras aos laborat\u00f3rios de refer\u00eancia, bem como a atualiza\u00e7\u00e3o da quimioprofilaxia para os casos indicados\u201d, explicou a coordenador-geral de Vigil\u00e2ncia em Sa\u00fade do Estado, Valdirene Oliveira,<\/p>\n\n\n\n<p>De acordo com o documento, 26.132 casos de meningite foram notificados no Brasil em 2023, dos quais 16.445 foram confirmados, representando 62,9% do total. Este ano, o n\u00famero de notifica\u00e7\u00f5es foi menor, com 15.580, dos quais 8.357 foram confirmados, o que equivale a 53,6%.<\/p>\n\n\n\n<p>J\u00e1 em Roraima, entre 1\u00ba de janeiro de 2019 e 9 de dezembro deste ano, foram confirmados 195 casos da doen\u00e7a, com 50 confirmados para meningite bacteriana (25,6%).<\/p>\n\n\n\n<p><strong>Alerta<\/strong><\/p>\n\n\n\n<p>No in\u00edcio deste m\u00eas, a Sesau emitiu alerta para que os 15 munic\u00edpios reforcem as estrat\u00e9gias de vigil\u00e2ncia e controle da meningite, ap\u00f3s a notifica\u00e7\u00e3o de tr\u00eas casos suspeitos.<\/p>\n\n\n\n<p>As notifica\u00e7\u00f5es ocorreram nos munic\u00edpios de Rorain\u00f3polis, em um jovem de 18 anos e em uma crian\u00e7a de 10; e Boa Vista, que confirmou o \u00f3bito de uma mulher de 52 anos.<\/p>\n\n\n\n<p>Quanto \u00e0 cobertura vacinal, segundo a CGVS, a meta de imuniza\u00e7\u00e3o preconizada pelo Minist\u00e9rio da Sa\u00fade, que \u00e9 de 95%, n\u00e3o foi alcan\u00e7ada nos \u00faltimos cinco anos, aumentando os riscos de ocorr\u00eancia da doen\u00e7a.<\/p>\n\n\n\n<p>Em 2019, a taxa de vacina\u00e7\u00e3o da pentavalente foi de 64,39%, subindo para 77,23% em 2020; 52,08% em 2021; 60,61% em 2022; 71,88% em 2023; e 76,97% at\u00e9 o dia 9 de dezembro de 2024.<\/p>\n","protected":false},"excerpt":{"rendered":"<p>A Secretaria Estadual de Sa\u00fade (Sesau) emitiu nota t\u00e9cnica com defini\u00e7\u00e3o de caso suspeito, procedimentos e fluxos referentes \u00e0 meningite em Roraima. A atualiza\u00e7\u00e3o das rotinas de controle da doen\u00e7a no Estado tem como principal finalidade informar os profissionais que atuam em toda a rede do Sistema \u00danico de Sa\u00fade (SUS), seja ela unidade hospitalar [&hellip;]<\/p>\n","protected":false},"author":123458,"featured_media":3610,"comment_status":"closed","ping_status":"closed","sticky":false,"template":"","format":"standard","meta":{"footnotes":""},"categories":[20,27],"tags":[111,795,325,1465,128,277,227,1184,85,1208],"class_list":["post-3609","post","type-post","status-publish","format-standard","has-post-thumbnail","hentry","category-roraima","category-saude","tag-boa-vista","tag-cgvs","tag-iracema","tag-meningite","tag-ministerio-da-saude","tag-pacaraima","tag-rorainopolis","tag-sao-joao-da-baliza","tag-sesau","tag-sus"],"_links":{"self":[{"href":"https:\/\/amororaima.com.br\/index.php\/wp-json\/wp\/v2\/posts\/3609","targetHints":{"allow":["GET"]}}],"collection":[{"href":"https:\/\/amororaima.com.br\/index.php\/wp-json\/wp\/v2\/posts"}],"about":[{"href":"https:\/\/amororaima.com.br\/index.php\/wp-json\/wp\/v2\/types\/post"}],"author":[{"embeddable":true,"href":"https:\/\/amororaima.com.br\/index.php\/wp-json\/wp\/v2\/users\/123458"}],"replies":[{"embeddable":true,"href":"https:\/\/amororaima.com.br\/index.php\/wp-json\/wp\/v2\/comments?post=3609"}],"version-history":[{"count":1,"href":"https:\/\/amororaima.com.br\/index.php\/wp-json\/wp\/v2\/posts\/3609\/revisions"}],"predecessor-version":[{"id":3611,"href":"https:\/\/amororaima.com.br\/index.php\/wp-json\/wp\/v2\/posts\/3609\/revisions\/3611"}],"wp:featuredmedia":[{"embeddable":true,"href":"https:\/\/amororaima.com.br\/index.php\/wp-json\/wp\/v2\/media\/3610"}],"wp:attachment":[{"href":"https:\/\/amororaima.com.br\/index.php\/wp-json\/wp\/v2\/media?parent=3609"}],"wp:term":[{"taxonomy":"category","embeddable":true,"href":"https:\/\/amororaima.com.br\/index.php\/wp-json\/wp\/v2\/categories?post=3609"},{"taxonomy":"post_tag","embeddable":true,"href":"https:\/\/amororaima.com.br\/index.php\/wp-json\/wp\/v2\/tags?post=3609"}],"curies":[{"name":"wp","href":"https:\/\/api.w.org\/{rel}","templated":true}]}}