{"id":3553,"date":"2024-12-10T19:08:00","date_gmt":"2024-12-10T22:08:00","guid":{"rendered":"https:\/\/amororaima.com.br\/?p=3553"},"modified":"2024-12-10T20:08:47","modified_gmt":"2024-12-10T23:08:47","slug":"ministerio-publico-recomenda-que-secretaria-de-educacao-de-roraima-limite-uso-de-celular-em-sala-de-aula","status":"publish","type":"post","link":"https:\/\/amororaima.com.br\/index.php\/2024\/12\/10\/ministerio-publico-recomenda-que-secretaria-de-educacao-de-roraima-limite-uso-de-celular-em-sala-de-aula\/","title":{"rendered":"Minist\u00e9rio P\u00fablico recomenda que Secretaria de Educa\u00e7\u00e3o de Roraima limite uso de celular em sala de aula"},"content":{"rendered":"\n<p>O Minist\u00e9rio P\u00fabico de Roraima (MPRR) publicou nesta segunda-feira (9) uma recomenda\u00e7\u00e3o ao secret\u00e1rio estadual de Educa\u00e7\u00e3o, Mikael Cury, para que promova campanhas educacionais visando \u00e0 conscientiza\u00e7\u00e3o dos alunos sobre a interfer\u00eancia de celulares nas pr\u00e1ticas educativas e informando sobre a proibi\u00e7\u00e3o do uso dos aparelhos durante as aulas, com a afixa\u00e7\u00e3o de avisos em locais vis\u00edveis nas salas, bibliotecas e demais espa\u00e7os das escolas da rede p\u00fablica de ensino.&nbsp;<\/p>\n\n\n\n<p>O documento ainda pede que o secret\u00e1rio determine aos gestores das escolas que sejam adotadas as medidas administrativas cab\u00edveis para que celulares e aparelhos eletr\u00f4nicos cong\u00eaneres permane\u00e7am desligados no per\u00edodo em que as aulas s\u00e3o ministradas.&nbsp;<\/p>\n\n\n\n<p>A recomenda\u00e7\u00e3o \u00e9 assinada pela promotora de Justi\u00e7a \u00c9rika Gomes Michetti. Entre v\u00e1rios pontos, a Promotoria de Justi\u00e7a de Direito \u00e0 Educa\u00e7\u00e3o considerou o relat\u00f3rio de an\u00e1lise produzido pelo N\u00facleo de Apoio T\u00e9cnico-Pedag\u00f3gico do Minist\u00e9rio P\u00fablico, no qual se registra que a presen\u00e7a constante de telefones celulares tem contribu\u00eddo para a dissemina\u00e7\u00e3o de pr\u00e1ticas inadequadas, como o uso de redes sociais durante as aulas, colaborando para a dispers\u00e3o dos alunos e comprometendo, consequentemente, o aprendizado.&nbsp;<\/p>\n\n\n\n<p>Tamb\u00e9m foi considerado que o regimento geral para as institui\u00e7\u00f5es p\u00fablicas da rede estadual de ensino de Roraima estabelece, em seu art. 31, veda\u00e7\u00f5es ao aluno, entre as quais, a proibi\u00e7\u00e3o do uso de celulares, aparelhos eletroeletr\u00f4nicos e fones de ouvido, exceto quando autorizados pelo professor para fins pedag\u00f3gicos.&nbsp;<\/p>\n\n\n\n<p>O secret\u00e1rio tem prazo de dez dias para informar sobre o atendimento \u00e0 recomenda\u00e7\u00e3o.<\/p>\n","protected":false},"excerpt":{"rendered":"<p>O Minist\u00e9rio P\u00fabico de Roraima (MPRR) publicou nesta segunda-feira (9) uma recomenda\u00e7\u00e3o ao secret\u00e1rio estadual de Educa\u00e7\u00e3o, Mikael Cury, para que promova campanhas educacionais visando \u00e0 conscientiza\u00e7\u00e3o dos alunos sobre a interfer\u00eancia de celulares nas pr\u00e1ticas educativas e informando sobre a proibi\u00e7\u00e3o do uso dos aparelhos durante as aulas, com a afixa\u00e7\u00e3o de avisos em [&hellip;]<\/p>\n","protected":false},"author":123458,"featured_media":3554,"comment_status":"closed","ping_status":"closed","sticky":false,"template":"","format":"standard","meta":{"footnotes":""},"categories":[28,20],"tags":[1519,1517,1518,368,1521,1520,235],"class_list":["post-3553","post","type-post","status-publish","format-standard","has-post-thumbnail","hentry","category-geral","category-roraima","tag-aparelhos-eletronicos","tag-celulares","tag-escolas","tag-mprr","tag-recomendacao","tag-rede-estadual","tag-seed"],"_links":{"self":[{"href":"https:\/\/amororaima.com.br\/index.php\/wp-json\/wp\/v2\/posts\/3553","targetHints":{"allow":["GET"]}}],"collection":[{"href":"https:\/\/amororaima.com.br\/index.php\/wp-json\/wp\/v2\/posts"}],"about":[{"href":"https:\/\/amororaima.com.br\/index.php\/wp-json\/wp\/v2\/types\/post"}],"author":[{"embeddable":true,"href":"https:\/\/amororaima.com.br\/index.php\/wp-json\/wp\/v2\/users\/123458"}],"replies":[{"embeddable":true,"href":"https:\/\/amororaima.com.br\/index.php\/wp-json\/wp\/v2\/comments?post=3553"}],"version-history":[{"count":1,"href":"https:\/\/amororaima.com.br\/index.php\/wp-json\/wp\/v2\/posts\/3553\/revisions"}],"predecessor-version":[{"id":3555,"href":"https:\/\/amororaima.com.br\/index.php\/wp-json\/wp\/v2\/posts\/3553\/revisions\/3555"}],"wp:featuredmedia":[{"embeddable":true,"href":"https:\/\/amororaima.com.br\/index.php\/wp-json\/wp\/v2\/media\/3554"}],"wp:attachment":[{"href":"https:\/\/amororaima.com.br\/index.php\/wp-json\/wp\/v2\/media?parent=3553"}],"wp:term":[{"taxonomy":"category","embeddable":true,"href":"https:\/\/amororaima.com.br\/index.php\/wp-json\/wp\/v2\/categories?post=3553"},{"taxonomy":"post_tag","embeddable":true,"href":"https:\/\/amororaima.com.br\/index.php\/wp-json\/wp\/v2\/tags?post=3553"}],"curies":[{"name":"wp","href":"https:\/\/api.w.org\/{rel}","templated":true}]}}