{"id":3507,"date":"2024-12-08T11:24:00","date_gmt":"2024-12-08T14:24:00","guid":{"rendered":"https:\/\/amororaima.com.br\/?p=3507"},"modified":"2024-12-08T12:25:32","modified_gmt":"2024-12-08T15:25:32","slug":"dpe-supera-meta-e-recebe-640-cartas-para-campanha-papai-noel-dos-correios-em-roraima","status":"publish","type":"post","link":"https:\/\/amororaima.com.br\/index.php\/2024\/12\/08\/dpe-supera-meta-e-recebe-640-cartas-para-campanha-papai-noel-dos-correios-em-roraima\/","title":{"rendered":"DPE supera meta e recebe 640 cartas para campanha \u2018Papai Noel dos Correios\u2019 em Roraima"},"content":{"rendered":"\n<p>A Defensoria P\u00fablica do Estado de Roraima (DPE-RR) superou a meta ao adotar 640&nbsp;cartas na campanha \u201cPapai Noel dos Correios\u201d, beneficiando crian\u00e7as de escolas p\u00fablicas das zonas rural e urbana de Boa Vista. Esta \u00e9 a 17\u00aa edi\u00e7\u00e3o da parceria entre as institui\u00e7\u00f5es que j\u00e1 existe h\u00e1 35 anos.<\/p>\n\n\n\n<p>Inicialmente, a meta da DPE-RR era adotar 500 cartas, mas, gra\u00e7as \u00e0 solidariedade de defensores e servidores da institui\u00e7\u00e3o, o n\u00famero foi ampliado, realizando o sonho de mais de 600 crian\u00e7as.&nbsp;Foram necess\u00e1rias oito viaturas para entregar os presentes nos Correios.<\/p>\n\n\n\n<p>No ano passado, a DPE-RR tamb\u00e9m superou as expectativas, adotando 535 presentes ap\u00f3s perceber a necessidade de mais doa\u00e7\u00f5es. O \u00f3rg\u00e3o havia se comprometido inicialmente com 400 cartas, mas a colabora\u00e7\u00e3o de seus membros fez com que o n\u00famero fosse expandido.<\/p>\n\n\n\n<p>Conforme o defensor p\u00fablico-geral, Oleno Matos, a Defensoria P\u00fablica \u00e9 mais do que uma institui\u00e7\u00e3o que presta assist\u00eancia jur\u00eddica gratuita a toda a popula\u00e7\u00e3o, mas um agente de transforma\u00e7\u00e3o social.<\/p>\n\n\n\n<p>\u201c\u00c9 uma parceria que j\u00e1 tem 17 anos, e hoje eu acho que ela vai ficar para sempre, porque na cabe\u00e7a dos servidores, dos colaboradores, dos membros, j\u00e1 fica aquela necessidade de levar felicidade para essas crian\u00e7as que acreditam no Papai Noel. Estamos muito felizes com a meta que n\u00f3s, mais uma vez, alcan\u00e7amos, e eu tenho certeza de que esse trabalho dos Correios e da defensoria vai fazer muitas fam\u00edlias felizes neste ano.\u201d<\/p>\n\n\n\n<p>O superintendente estadual dos Correios, Marcelo Augusto Pinto, agradeceu a mobiliza\u00e7\u00e3o promovida pela DPE-RR e explica que a entrega dos presentes vai acontecer a partir da segunda quinzena de dezembro. Em Roraima, o objetivo \u00e9 ter duas mil cartas adotadas.<\/p>\n\n\n\n<p>\u201cEssa \u00e9 uma entrega festiva, diretamente nas escolas, abrigos, nos locais que s\u00e3o contemplados com a campanha neste ano. Para a gente, \u00e9 motivo de muito orgulho, de muita alegria poder&nbsp;contemplar&nbsp;essas crian\u00e7as com presentes no Natal\u201d,&nbsp;afirmou.&nbsp;<\/p>\n","protected":false},"excerpt":{"rendered":"<p>A Defensoria P\u00fablica do Estado de Roraima (DPE-RR) superou a meta ao adotar 640&nbsp;cartas na campanha \u201cPapai Noel dos Correios\u201d, beneficiando crian\u00e7as de escolas p\u00fablicas das zonas rural e urbana de Boa Vista. Esta \u00e9 a 17\u00aa edi\u00e7\u00e3o da parceria entre as institui\u00e7\u00f5es que j\u00e1 existe h\u00e1 35 anos. Inicialmente, a meta da DPE-RR era [&hellip;]<\/p>\n","protected":false},"author":123458,"featured_media":3508,"comment_status":"closed","ping_status":"closed","sticky":false,"template":"","format":"standard","meta":{"footnotes":""},"categories":[28,20],"tags":[111,369,1476,1480,1481],"class_list":["post-3507","post","type-post","status-publish","format-standard","has-post-thumbnail","hentry","category-geral","category-roraima","tag-boa-vista","tag-dpe-rr","tag-natal","tag-papai-noel-dos-correios","tag-zonas-urbana-e-rural"],"_links":{"self":[{"href":"https:\/\/amororaima.com.br\/index.php\/wp-json\/wp\/v2\/posts\/3507","targetHints":{"allow":["GET"]}}],"collection":[{"href":"https:\/\/amororaima.com.br\/index.php\/wp-json\/wp\/v2\/posts"}],"about":[{"href":"https:\/\/amororaima.com.br\/index.php\/wp-json\/wp\/v2\/types\/post"}],"author":[{"embeddable":true,"href":"https:\/\/amororaima.com.br\/index.php\/wp-json\/wp\/v2\/users\/123458"}],"replies":[{"embeddable":true,"href":"https:\/\/amororaima.com.br\/index.php\/wp-json\/wp\/v2\/comments?post=3507"}],"version-history":[{"count":1,"href":"https:\/\/amororaima.com.br\/index.php\/wp-json\/wp\/v2\/posts\/3507\/revisions"}],"predecessor-version":[{"id":3509,"href":"https:\/\/amororaima.com.br\/index.php\/wp-json\/wp\/v2\/posts\/3507\/revisions\/3509"}],"wp:featuredmedia":[{"embeddable":true,"href":"https:\/\/amororaima.com.br\/index.php\/wp-json\/wp\/v2\/media\/3508"}],"wp:attachment":[{"href":"https:\/\/amororaima.com.br\/index.php\/wp-json\/wp\/v2\/media?parent=3507"}],"wp:term":[{"taxonomy":"category","embeddable":true,"href":"https:\/\/amororaima.com.br\/index.php\/wp-json\/wp\/v2\/categories?post=3507"},{"taxonomy":"post_tag","embeddable":true,"href":"https:\/\/amororaima.com.br\/index.php\/wp-json\/wp\/v2\/tags?post=3507"}],"curies":[{"name":"wp","href":"https:\/\/api.w.org\/{rel}","templated":true}]}}