{"id":3495,"date":"2024-12-07T12:00:00","date_gmt":"2024-12-07T15:00:00","guid":{"rendered":"https:\/\/amororaima.com.br\/?p=3495"},"modified":"2024-12-07T13:07:50","modified_gmt":"2024-12-07T16:07:50","slug":"vendas-de-natal-devem-movimentar-r-151-9-mi-em-roraima-aponta-fecomercio","status":"publish","type":"post","link":"https:\/\/amororaima.com.br\/index.php\/2024\/12\/07\/vendas-de-natal-devem-movimentar-r-151-9-mi-em-roraima-aponta-fecomercio\/","title":{"rendered":"Vendas de Natal devem movimentar R$ 151,9 mi em Roraima, aponta Fecom\u00e9rcio"},"content":{"rendered":"\n<p>A data mais importante para o com\u00e9rcio varejista brasileiro deve registrar o maior faturamento desde 2007 em Roraima. Segundo proje\u00e7\u00e3o da Fecom\u00e9rcio\/RR, com base nos dados da Confedera\u00e7\u00e3o Nacional do Com\u00e9rcio (CNC), a expectativa \u00e9 que as vendas de Natal em 2024 no Estado movimentem R$ 151,9 milh\u00f5es.<\/p>\n\n\n\n<p>\u201cEsse valor representa um crescimento de pouco mais de R$ 5,2 milh\u00f5es em rela\u00e7\u00e3o ao ano passado e uma eleva\u00e7\u00e3o de 3,5%. Mas, se confirmada a proje\u00e7\u00e3o, ser\u00e1 o segundo maior faturamento em vendas desde o in\u00edcio da s\u00e9rie hist\u00f3rica, que come\u00e7ou em 2007\u201d, destaca o economista e assessor econ\u00f4mico da Fecom\u00e9rcio, F\u00e1bio Martinez.<\/p>\n\n\n\n<p>Ainda conforme a an\u00e1lise da Federa\u00e7\u00e3o do Com\u00e9rcio, esse crescimento est\u00e1 diretamente ligado ao aumento da inten\u00e7\u00e3o de consumo das fam\u00edlias em Roraima.<\/p>\n\n\n\n<p>\u201cAs fam\u00edlias roraimenses est\u00e3o mais confiantes, principalmente em rela\u00e7\u00e3o ao mercado de trabalho, que se mant\u00e9m aquecido no Estado. E essa confian\u00e7a maior dos consumidores faz aumentar a movimenta\u00e7\u00e3o no com\u00e9rcio local e no volume de vendas, j\u00e1 que o Natal \u00e9 um per\u00edodo tradicional de troca de presentes e confraterniza\u00e7\u00e3o entre fam\u00edlias e amigos,\u201d acrescenta o presidente do Sistema Fecom\u00e9rcio\/Sesc\/Senac\/IFPD, Ademir dos Santos.<\/p>\n\n\n\n<p>A Fecom\u00e9rcio avalia que o ramo de hiper e supermercados dever\u00e1 ser o destaque em termos de movimenta\u00e7\u00e3o financeira no Natal deste ano, respondendo por 45% do volume total de vendas, seguido pelos estabelecimentos especializados na comercializa\u00e7\u00e3o de itens de vestu\u00e1rio, cal\u00e7ados e acess\u00f3rios (28,8) e lojas especializadas em artigos de uso pessoal e dom\u00e9stico (11,7%).<\/p>\n\n\n\n<p>Apesar dos bons resultados no mercado de trabalho, alguns desafios podem impactar negativamente as vendas de fim de ano: o encarecimento do cr\u00e9dito, que dificulta o acesso dos consumidores a financiamentos; a desvaloriza\u00e7\u00e3o do real, pois o d\u00f3lar ultrapassou R$ 6, elevando o custo das mercadorias importadas; e o alto n\u00edvel de endividamento, j\u00e1 que muitas fam\u00edlias roraimenses v\u00e3o fechar o ano endividadas.<\/p>\n","protected":false},"excerpt":{"rendered":"<p>A data mais importante para o com\u00e9rcio varejista brasileiro deve registrar o maior faturamento desde 2007 em Roraima. Segundo proje\u00e7\u00e3o da Fecom\u00e9rcio\/RR, com base nos dados da Confedera\u00e7\u00e3o Nacional do Com\u00e9rcio (CNC), a expectativa \u00e9 que as vendas de Natal em 2024 no Estado movimentem R$ 151,9 milh\u00f5es. \u201cEsse valor representa um crescimento de pouco [&hellip;]<\/p>\n","protected":false},"author":123458,"featured_media":3496,"comment_status":"closed","ping_status":"closed","sticky":false,"template":"","format":"standard","meta":{"footnotes":""},"categories":[26,20],"tags":[717,721,1476,93,1474,1478,1475,1477],"class_list":["post-3495","post","type-post","status-publish","format-standard","has-post-thumbnail","hentry","category-economia","category-roraima","tag-cnc","tag-fecomercio","tag-natal","tag-roraima","tag-senac","tag-sesc","tag-varejo","tag-vendas"],"_links":{"self":[{"href":"https:\/\/amororaima.com.br\/index.php\/wp-json\/wp\/v2\/posts\/3495","targetHints":{"allow":["GET"]}}],"collection":[{"href":"https:\/\/amororaima.com.br\/index.php\/wp-json\/wp\/v2\/posts"}],"about":[{"href":"https:\/\/amororaima.com.br\/index.php\/wp-json\/wp\/v2\/types\/post"}],"author":[{"embeddable":true,"href":"https:\/\/amororaima.com.br\/index.php\/wp-json\/wp\/v2\/users\/123458"}],"replies":[{"embeddable":true,"href":"https:\/\/amororaima.com.br\/index.php\/wp-json\/wp\/v2\/comments?post=3495"}],"version-history":[{"count":6,"href":"https:\/\/amororaima.com.br\/index.php\/wp-json\/wp\/v2\/posts\/3495\/revisions"}],"predecessor-version":[{"id":3503,"href":"https:\/\/amororaima.com.br\/index.php\/wp-json\/wp\/v2\/posts\/3495\/revisions\/3503"}],"wp:featuredmedia":[{"embeddable":true,"href":"https:\/\/amororaima.com.br\/index.php\/wp-json\/wp\/v2\/media\/3496"}],"wp:attachment":[{"href":"https:\/\/amororaima.com.br\/index.php\/wp-json\/wp\/v2\/media?parent=3495"}],"wp:term":[{"taxonomy":"category","embeddable":true,"href":"https:\/\/amororaima.com.br\/index.php\/wp-json\/wp\/v2\/categories?post=3495"},{"taxonomy":"post_tag","embeddable":true,"href":"https:\/\/amororaima.com.br\/index.php\/wp-json\/wp\/v2\/tags?post=3495"}],"curies":[{"name":"wp","href":"https:\/\/api.w.org\/{rel}","templated":true}]}}