{"id":3481,"date":"2024-12-06T13:32:00","date_gmt":"2024-12-06T16:32:00","guid":{"rendered":"https:\/\/amororaima.com.br\/?p=3481"},"modified":"2024-12-06T14:33:58","modified_gmt":"2024-12-06T17:33:58","slug":"casos-suspeitos-levam-sesau-a-emitir-alerta-aos-municipios-para-reforco-de-vigilancia-e-controle-da-meningite","status":"publish","type":"post","link":"https:\/\/amororaima.com.br\/index.php\/2024\/12\/06\/casos-suspeitos-levam-sesau-a-emitir-alerta-aos-municipios-para-reforco-de-vigilancia-e-controle-da-meningite\/","title":{"rendered":"Casos suspeitos levam Sesau a emitir alerta aos munic\u00edpios para refor\u00e7o de vigil\u00e2ncia e controle da meningite"},"content":{"rendered":"\n<p>A Secretaria Estadual de Sa\u00fade (Sesau) emitiu, na noite desta quinta-feira (5), um alerta para que os 15 munic\u00edpios de Roraima reforcem as estrat\u00e9gias de vigil\u00e2ncia e controle da meningite.<\/p>\n\n\n\n<p>De acordo com a Coordenadoria Geral de Vigil\u00e2ncia em Sa\u00fade (CGVS), tr\u00eas casos da doen\u00e7a foram notificados entre as Semanas Epidemiol\u00f3gicas 47 e 49, que compreende o per\u00edodo de 21 de novembro a 4 de dezembro.<\/p>\n\n\n\n<p>Dois deles est\u00e3o relacionados ao munic\u00edpio de Rorain\u00f3polis, no sul do Estado, sendo um jovem de 18 anos e uma crian\u00e7a de 10. O terceiro caso foi constatado em uma paciente de 52 anos que reside em Boa Vista.<\/p>\n\n\n\n<p>\u201cAo receber as informa\u00e7\u00f5es de casos suspeitos em Rorain\u00f3polis e um \u00f3bito suspeito em Boa Vista, o Cievs [Centro de Informa\u00e7\u00f5es Estrat\u00e9gicas de Vigil\u00e2ncia em Sa\u00fade] emitiu uma nota de alerta aos profissionais e para a popula\u00e7\u00e3o como forma de orienta\u00e7\u00e3o e refor\u00e7o da preven\u00e7\u00e3o\u201d, destacou a respons\u00e1vel pela CGVS, Valdirene Oliveira.<\/p>\n\n\n\n<p><strong>Cuidados<\/strong><\/p>\n\n\n\n<p>Caracterizada pela inflama\u00e7\u00e3o das membranas que revestem o c\u00e9rebro e a medula espinhal, a meningite \u00e9 considerada uma doen\u00e7a. A transmiss\u00e3o ocorre por meio da exposi\u00e7\u00e3o direta \u00e0s got\u00edculas de secre\u00e7\u00f5es respirat\u00f3rias de pacientes infectados.<\/p>\n\n\n\n<p>Os sintomas mais comuns incluem febre acompanhada de dor de cabe\u00e7a intensa, v\u00f4mito, aumento da sensibilidade \u00e0 luz, perda de movimentos e convuls\u00f5es, al\u00e9m de rigidez na nuca.<\/p>\n\n\n\n<p>\u201c\u00c9 importante lembrar que, ao notificar casos suspeitos, o munic\u00edpio faz o acionamento de protocolo com v\u00e1rias a\u00e7\u00f5es, como busca de contatos, profilaxia dos casos indicados no protocolo e refor\u00e7o de vacina\u00e7\u00e3o\u201d, explicou Valdirene.<\/p>\n\n\n\n<p>O protocolo de controle de doen\u00e7as inclui uma s\u00e9rie de medidas, como o isolamento dos pacientes suspeitos e o encaminhamento de amostras para laborat\u00f3rios de refer\u00eancia.<\/p>\n\n\n\n<p>\u201cPara a popula\u00e7\u00e3o, fica o alerta, e \u00e9 sempre bom lembrar que, para a meningite, \u00e9 fundamental manter a vacina\u00e7\u00e3o em dia, n\u00e3o compartilhar objetos de uso pessoal e refor\u00e7ar os h\u00e1bitos de higiene\u201d, complementou Valdirene Oliveira.<\/p>\n","protected":false},"excerpt":{"rendered":"<p>A Secretaria Estadual de Sa\u00fade (Sesau) emitiu, na noite desta quinta-feira (5), um alerta para que os 15 munic\u00edpios de Roraima reforcem as estrat\u00e9gias de vigil\u00e2ncia e controle da meningite. De acordo com a Coordenadoria Geral de Vigil\u00e2ncia em Sa\u00fade (CGVS), tr\u00eas casos da doen\u00e7a foram notificados entre as Semanas Epidemiol\u00f3gicas 47 e 49, que [&hellip;]<\/p>\n","protected":false},"author":123458,"featured_media":3482,"comment_status":"closed","ping_status":"closed","sticky":false,"template":"","format":"standard","meta":{"footnotes":""},"categories":[20,27],"tags":[111,795,1463,1465,227,1464,85],"class_list":["post-3481","post","type-post","status-publish","format-standard","has-post-thumbnail","hentry","category-roraima","category-saude","tag-boa-vista","tag-cgvs","tag-cievs","tag-meningite","tag-rorainopolis","tag-semanas-epidemiologicas","tag-sesau"],"_links":{"self":[{"href":"https:\/\/amororaima.com.br\/index.php\/wp-json\/wp\/v2\/posts\/3481","targetHints":{"allow":["GET"]}}],"collection":[{"href":"https:\/\/amororaima.com.br\/index.php\/wp-json\/wp\/v2\/posts"}],"about":[{"href":"https:\/\/amororaima.com.br\/index.php\/wp-json\/wp\/v2\/types\/post"}],"author":[{"embeddable":true,"href":"https:\/\/amororaima.com.br\/index.php\/wp-json\/wp\/v2\/users\/123458"}],"replies":[{"embeddable":true,"href":"https:\/\/amororaima.com.br\/index.php\/wp-json\/wp\/v2\/comments?post=3481"}],"version-history":[{"count":2,"href":"https:\/\/amororaima.com.br\/index.php\/wp-json\/wp\/v2\/posts\/3481\/revisions"}],"predecessor-version":[{"id":3484,"href":"https:\/\/amororaima.com.br\/index.php\/wp-json\/wp\/v2\/posts\/3481\/revisions\/3484"}],"wp:featuredmedia":[{"embeddable":true,"href":"https:\/\/amororaima.com.br\/index.php\/wp-json\/wp\/v2\/media\/3482"}],"wp:attachment":[{"href":"https:\/\/amororaima.com.br\/index.php\/wp-json\/wp\/v2\/media?parent=3481"}],"wp:term":[{"taxonomy":"category","embeddable":true,"href":"https:\/\/amororaima.com.br\/index.php\/wp-json\/wp\/v2\/categories?post=3481"},{"taxonomy":"post_tag","embeddable":true,"href":"https:\/\/amororaima.com.br\/index.php\/wp-json\/wp\/v2\/tags?post=3481"}],"curies":[{"name":"wp","href":"https:\/\/api.w.org\/{rel}","templated":true}]}}