{"id":3475,"date":"2024-12-06T11:50:00","date_gmt":"2024-12-06T14:50:00","guid":{"rendered":"https:\/\/amororaima.com.br\/?p=3475"},"modified":"2024-12-06T12:53:14","modified_gmt":"2024-12-06T15:53:14","slug":"acordo-de-livre-comercio-entre-mercosul-e-ue-e-anunciado-apos-25-anos-de-negociacao","status":"publish","type":"post","link":"https:\/\/amororaima.com.br\/index.php\/2024\/12\/06\/acordo-de-livre-comercio-entre-mercosul-e-ue-e-anunciado-apos-25-anos-de-negociacao\/","title":{"rendered":"Acordo de livre com\u00e9rcio entre Mercosul e UE \u00e9 anunciado ap\u00f3s 25 anos de negocia\u00e7\u00e3o"},"content":{"rendered":"\n<p>Mercosul e Uni\u00e3o Europeia (UE) anunciaram nesta sexta-feira (6) a concretiza\u00e7\u00e3o do acordo de livre com\u00e9rcio discutido h\u00e1 25 anos entre os blocos.<\/p>\n\n\n\n<p>O an\u00fancio aconteceu durante a c\u00fapula do bloco sul-americano no Uruguai, que contou com a presen\u00e7a dos presidentes dos pa\u00edses integrantes do bloco e a chefe da Comiss\u00e3o Europeia, Ursula von der Leyen.<\/p>\n\n\n\n<p>\u201cEste \u00e9 um acordo ganha-ganha, que trar\u00e1 benef\u00edcios significativos para consumidores e empresas, de ambos os lados. Estamos focados na justi\u00e7a e no benef\u00edcio m\u00fatuo\u201d, disse von der Leyen durante o an\u00fancio.<\/p>\n\n\n\n<p>Representando o Mercosul, o presidente uruguaio Luis Lacalle Pou destacou o desafio de encontrar consenso dentro do pr\u00f3prio bloco sul-americano.<\/p>\n\n\n\n<p>\u201cNo Mercosul, n\u00e3o temos todos a mesma ideologia (\u2026) E todos sabemos o f\u00e1cil que \u00e9 destruir, mas o dif\u00edcil que \u00e9 construir. Nossa responsabilidade foi tirar o que nos desune e ficar no virtuoso: uni\u00e3o e acordo.\u201d<\/p>\n\n\n\n<p>Apesar de ainda n\u00e3o haver detalhes do acordo firmado nesta sexta-feira, ele deve abranger um mercado de 750 milh\u00f5es de pessoas.<\/p>\n\n\n\n<p>As tarifas de exporta\u00e7\u00e3o para a Uni\u00e3o Europeia de 70% a 90% dos produtos do Mercosul ser\u00e3o zeradas ou reduzidas.<\/p>\n\n\n\n<p>As negocia\u00e7\u00f5es come\u00e7aram em 1999, chegaram a um princ\u00edpio de acordo em 2019, mas estavam paralisadas desde ent\u00e3o, por press\u00e3o de pa\u00edses europeus, em especial, a Fran\u00e7a.<\/p>\n\n\n\n<p><strong><em>Com informa\u00e7\u00f5es de InfoMoney<\/em><\/strong><\/p>\n","protected":false},"excerpt":{"rendered":"<p>Mercosul e Uni\u00e3o Europeia (UE) anunciaram nesta sexta-feira (6) a concretiza\u00e7\u00e3o do acordo de livre com\u00e9rcio discutido h\u00e1 25 anos entre os blocos. O an\u00fancio aconteceu durante a c\u00fapula do bloco sul-americano no Uruguai, que contou com a presen\u00e7a dos presidentes dos pa\u00edses integrantes do bloco e a chefe da Comiss\u00e3o Europeia, Ursula von der [&hellip;]<\/p>\n","protected":false},"author":123458,"featured_media":3476,"comment_status":"closed","ping_status":"closed","sticky":false,"template":"","format":"standard","meta":{"footnotes":""},"categories":[26,21],"tags":[1459,1460,1461,1457,1458],"class_list":["post-3475","post","type-post","status-publish","format-standard","has-post-thumbnail","hentry","category-economia","category-mundo","tag-acordo","tag-blocos-economicos","tag-livre-comercio","tag-mercosul","tag-uniao-europeia"],"_links":{"self":[{"href":"https:\/\/amororaima.com.br\/index.php\/wp-json\/wp\/v2\/posts\/3475","targetHints":{"allow":["GET"]}}],"collection":[{"href":"https:\/\/amororaima.com.br\/index.php\/wp-json\/wp\/v2\/posts"}],"about":[{"href":"https:\/\/amororaima.com.br\/index.php\/wp-json\/wp\/v2\/types\/post"}],"author":[{"embeddable":true,"href":"https:\/\/amororaima.com.br\/index.php\/wp-json\/wp\/v2\/users\/123458"}],"replies":[{"embeddable":true,"href":"https:\/\/amororaima.com.br\/index.php\/wp-json\/wp\/v2\/comments?post=3475"}],"version-history":[{"count":1,"href":"https:\/\/amororaima.com.br\/index.php\/wp-json\/wp\/v2\/posts\/3475\/revisions"}],"predecessor-version":[{"id":3477,"href":"https:\/\/amororaima.com.br\/index.php\/wp-json\/wp\/v2\/posts\/3475\/revisions\/3477"}],"wp:featuredmedia":[{"embeddable":true,"href":"https:\/\/amororaima.com.br\/index.php\/wp-json\/wp\/v2\/media\/3476"}],"wp:attachment":[{"href":"https:\/\/amororaima.com.br\/index.php\/wp-json\/wp\/v2\/media?parent=3475"}],"wp:term":[{"taxonomy":"category","embeddable":true,"href":"https:\/\/amororaima.com.br\/index.php\/wp-json\/wp\/v2\/categories?post=3475"},{"taxonomy":"post_tag","embeddable":true,"href":"https:\/\/amororaima.com.br\/index.php\/wp-json\/wp\/v2\/tags?post=3475"}],"curies":[{"name":"wp","href":"https:\/\/api.w.org\/{rel}","templated":true}]}}