{"id":3469,"date":"2024-12-05T12:53:00","date_gmt":"2024-12-05T15:53:00","guid":{"rendered":"https:\/\/amororaima.com.br\/?p=3469"},"modified":"2024-12-05T13:54:43","modified_gmt":"2024-12-05T16:54:43","slug":"comissao-da-camara-aprova-texto-que-permite-a-estados-legislarem-sobre-materia-penal","status":"publish","type":"post","link":"https:\/\/amororaima.com.br\/index.php\/2024\/12\/05\/comissao-da-camara-aprova-texto-que-permite-a-estados-legislarem-sobre-materia-penal\/","title":{"rendered":"Comiss\u00e3o da C\u00e2mara aprova texto que permite a estados legislarem sobre mat\u00e9ria penal"},"content":{"rendered":"\n<p>A Comiss\u00e3o de Constitui\u00e7\u00e3o e Justi\u00e7a e de Cidadania (CCJ) da C\u00e2mara dos Deputados aprovou nessa quarta-feira (4) projeto de lei que permite que estados e o Distrito Federal aprovem leis espec\u00edficas sobre mat\u00e9ria penal e processual penal.<\/p>\n\n\n\n<p>De acordo com o texto, que ainda precisa passar pelo plen\u00e1rio, estados e o Distrito Federal ficam autorizados a legislar sobre as seguintes quest\u00f5es, desde que de forma mais gravosa do que a prevista na legisla\u00e7\u00e3o federal:<\/p>\n\n\n\n<p>&#8211; fixa\u00e7\u00e3o de penas aos crimes previstos no ordenamento jur\u00eddico vigente, respeitando-se o limite de tempo de cumprimento das penas privativas de liberdade previsto no C\u00f3digo Penal;<\/p>\n\n\n\n<p>&#8211; regimes de cumprimento de pena, suas esp\u00e9cies, regras para fixa\u00e7\u00e3o do regime inicial e para progress\u00e3o;<\/p>\n\n\n\n<p>&#8211; requisitos para concess\u00e3o de livramento condicional, suspens\u00e3o condicional da pena, suspens\u00e3o condicional do processo e transa\u00e7\u00e3o penal;<\/p>\n\n\n\n<p>&#8211; esp\u00e9cies e formas de cumprimento das penas restritivas de direitos;<\/p>\n\n\n\n<p>&#8211; crit\u00e9rios para a substitui\u00e7\u00e3o da pena privativa de liberdade por pena restritiva de direitos; e<\/p>\n\n\n\n<p>&#8211; previs\u00e3o de efeitos gen\u00e9ricos e espec\u00edficos da condena\u00e7\u00e3o.&nbsp;<\/p>\n\n\n\n<p><strong><em>*Ag\u00eancia Brasil com informa\u00e7\u00f5es da Ag\u00eancia C\u00e2mara<\/em><\/strong><\/p>\n","protected":false},"excerpt":{"rendered":"<p>A Comiss\u00e3o de Constitui\u00e7\u00e3o e Justi\u00e7a e de Cidadania (CCJ) da C\u00e2mara dos Deputados aprovou nessa quarta-feira (4) projeto de lei que permite que estados e o Distrito Federal aprovem leis espec\u00edficas sobre mat\u00e9ria penal e processual penal. De acordo com o texto, que ainda precisa passar pelo plen\u00e1rio, estados e o Distrito Federal ficam [&hellip;]<\/p>\n","protected":false},"author":123458,"featured_media":3470,"comment_status":"closed","ping_status":"closed","sticky":false,"template":"","format":"standard","meta":{"footnotes":""},"categories":[19,31],"tags":[880,1117,621,1456],"class_list":["post-3469","post","type-post","status-publish","format-standard","has-post-thumbnail","hentry","category-brasil","category-politica","tag-camara-dos-deputados","tag-ccj","tag-codigo-penal","tag-materia-penal"],"_links":{"self":[{"href":"https:\/\/amororaima.com.br\/index.php\/wp-json\/wp\/v2\/posts\/3469","targetHints":{"allow":["GET"]}}],"collection":[{"href":"https:\/\/amororaima.com.br\/index.php\/wp-json\/wp\/v2\/posts"}],"about":[{"href":"https:\/\/amororaima.com.br\/index.php\/wp-json\/wp\/v2\/types\/post"}],"author":[{"embeddable":true,"href":"https:\/\/amororaima.com.br\/index.php\/wp-json\/wp\/v2\/users\/123458"}],"replies":[{"embeddable":true,"href":"https:\/\/amororaima.com.br\/index.php\/wp-json\/wp\/v2\/comments?post=3469"}],"version-history":[{"count":1,"href":"https:\/\/amororaima.com.br\/index.php\/wp-json\/wp\/v2\/posts\/3469\/revisions"}],"predecessor-version":[{"id":3471,"href":"https:\/\/amororaima.com.br\/index.php\/wp-json\/wp\/v2\/posts\/3469\/revisions\/3471"}],"wp:featuredmedia":[{"embeddable":true,"href":"https:\/\/amororaima.com.br\/index.php\/wp-json\/wp\/v2\/media\/3470"}],"wp:attachment":[{"href":"https:\/\/amororaima.com.br\/index.php\/wp-json\/wp\/v2\/media?parent=3469"}],"wp:term":[{"taxonomy":"category","embeddable":true,"href":"https:\/\/amororaima.com.br\/index.php\/wp-json\/wp\/v2\/categories?post=3469"},{"taxonomy":"post_tag","embeddable":true,"href":"https:\/\/amororaima.com.br\/index.php\/wp-json\/wp\/v2\/tags?post=3469"}],"curies":[{"name":"wp","href":"https:\/\/api.w.org\/{rel}","templated":true}]}}