{"id":3461,"date":"2024-12-05T10:16:00","date_gmt":"2024-12-05T13:16:00","guid":{"rendered":"https:\/\/amororaima.com.br\/?p=3461"},"modified":"2024-12-05T11:18:24","modified_gmt":"2024-12-05T14:18:24","slug":"ccj-do-senado-aprova-federalizacao-de-rodovia-em-roraima","status":"publish","type":"post","link":"https:\/\/amororaima.com.br\/index.php\/2024\/12\/05\/ccj-do-senado-aprova-federalizacao-de-rodovia-em-roraima\/","title":{"rendered":"CCJ do Senado aprova federaliza\u00e7\u00e3o de rodovia em Roraima"},"content":{"rendered":"\n<p><a href=\"https:\/\/amororaima.com.br\/index.php\/2024\/11\/13\/federalizacao-de-rodovia-em-roraima-segue-para-ccj-apos-projeto-ser-aprovado\/\" target=\"_blank\" rel=\"noreferrer noopener\"><strong>A Comiss\u00e3o de Constitui\u00e7\u00e3o e Justi\u00e7a (CCJ) do Senado<\/strong><\/a> aprovou nesta quarta-feira (4), em decis\u00e3o final, o projeto que passa para a malha federal a rodovia RR-171, que liga o norte de Roraima \u00e0 BR-433 <strong>(<a href=\"https:\/\/www25.senado.leg.br\/web\/atividade\/materias\/-\/materia\/158767#:~:text=Disp%C3%B5e%20sobre%20a%20federaliza%C3%A7%C3%A3o%20da,Roraima%20no%20Km%2099%2C0.&amp;text=2023%20Descri%C3%A7%C3%A3o%2FEmenta-,Disp%C3%B5e%20sobre%20a%20federaliza%C3%A7%C3%A3o%20da%20rodovia%20RR%2D171%20no%20trecho,Roraima%20no%20Km%2099%2C0.\" target=\"_blank\" rel=\"noreferrer noopener\">PL 3.545\/2023<\/a>)<\/strong>. O projeto \u00e9 do senador Mecias de Jesus (Republicanos-RR), com parecer favor\u00e1vel de Zequinha Marinho (Podemos-PA), e pode seguir diretamente para an\u00e1lise da C\u00e2mara dos Deputados.<\/p>\n\n\n\n<p>Segundo Mecias, o objetivo da medida \u00e9 garantir escoamento de produ\u00e7\u00e3o, estimular o desenvolvimento regional e promover o crescimento de comunidades do interior de Roraima.&nbsp;<\/p>\n\n\n\n<p>A RR-171 liga Uiramut\u00e3, no extremo norte do Estado, \u00e0s rodovias federais que conectam Roraima ao resto do pa\u00eds. O munic\u00edpio fica dentro da reserva ind\u00edgena Raposa Serra do Sol e inclui o Parque Nacional do Monte Roraima, onde est\u00e1 o ponto setentrional m\u00e1ximo do territ\u00f3rio brasileiro.<\/p>\n\n\n\n<p>Durante a leitura do parecer, Zequinha Marinho ressaltou que o projeto garante a destina\u00e7\u00e3o de recursos federais para viabilizar uma estrutura de transportes adequada na regi\u00e3o. Ele lembrou que os investimentos em infraestrutura do Estado s\u00e3o limitados pela &#8220;car\u00eancia&#8221; de recursos pr\u00f3prios.&nbsp;Segundo o relator, o Roraima tem muitas \u00e1reas protegidas, o que limita a arrecada\u00e7\u00e3o.&nbsp;<\/p>\n\n\n\n<p>\u201cEssa iniciativa tem o potencial de impulsionar a economia local, atraindo investimentos e fomentando a cria\u00e7\u00e3o de novos neg\u00f3cios, al\u00e9m de fortalecer a integra\u00e7\u00e3o econ\u00f4mica e social da regi\u00e3o com o restante do pa\u00eds\u201d, avaliou.<\/p>\n\n\n\n<p>A decis\u00e3o da CCJ \u00e9 terminativa, o que significa que o projeto n\u00e3o precisa passar pelo Plen\u00e1rio do Senado antes de seguir para a C\u00e2mara.&nbsp;Isso s\u00f3 vai acontecer se houver um recurso, em at\u00e9 cinco dias \u00fateis, assinado por pelo menos nove senadores.<\/p>\n\n\n\n<p><strong><em>Com informa\u00e7\u00f5es da Ag\u00eancia Senado<\/em><\/strong><\/p>\n","protected":false},"excerpt":{"rendered":"<p>A Comiss\u00e3o de Constitui\u00e7\u00e3o e Justi\u00e7a (CCJ) do Senado aprovou nesta quarta-feira (4), em decis\u00e3o final, o projeto que passa para a malha federal a rodovia RR-171, que liga o norte de Roraima \u00e0 BR-433 (PL 3.545\/2023). O projeto \u00e9 do senador Mecias de Jesus (Republicanos-RR), com parecer favor\u00e1vel de Zequinha Marinho (Podemos-PA), e pode [&hellip;]<\/p>\n","protected":false},"author":123458,"featured_media":3462,"comment_status":"closed","ping_status":"closed","sticky":false,"template":"","format":"standard","meta":{"footnotes":""},"categories":[31,20],"tags":[1117,1205,1452,1451,1207,93,1204,435,360],"class_list":["post-3461","post","type-post","status-publish","format-standard","has-post-thumbnail","hentry","category-politica","category-roraima","tag-ccj","tag-federalizacao","tag-parque-nacional-do-monte-roraima","tag-pl-3-545-2023","tag-raposa-serra-do-sol","tag-roraima","tag-rr-171","tag-senado","tag-uiramuta"],"_links":{"self":[{"href":"https:\/\/amororaima.com.br\/index.php\/wp-json\/wp\/v2\/posts\/3461","targetHints":{"allow":["GET"]}}],"collection":[{"href":"https:\/\/amororaima.com.br\/index.php\/wp-json\/wp\/v2\/posts"}],"about":[{"href":"https:\/\/amororaima.com.br\/index.php\/wp-json\/wp\/v2\/types\/post"}],"author":[{"embeddable":true,"href":"https:\/\/amororaima.com.br\/index.php\/wp-json\/wp\/v2\/users\/123458"}],"replies":[{"embeddable":true,"href":"https:\/\/amororaima.com.br\/index.php\/wp-json\/wp\/v2\/comments?post=3461"}],"version-history":[{"count":1,"href":"https:\/\/amororaima.com.br\/index.php\/wp-json\/wp\/v2\/posts\/3461\/revisions"}],"predecessor-version":[{"id":3463,"href":"https:\/\/amororaima.com.br\/index.php\/wp-json\/wp\/v2\/posts\/3461\/revisions\/3463"}],"wp:featuredmedia":[{"embeddable":true,"href":"https:\/\/amororaima.com.br\/index.php\/wp-json\/wp\/v2\/media\/3462"}],"wp:attachment":[{"href":"https:\/\/amororaima.com.br\/index.php\/wp-json\/wp\/v2\/media?parent=3461"}],"wp:term":[{"taxonomy":"category","embeddable":true,"href":"https:\/\/amororaima.com.br\/index.php\/wp-json\/wp\/v2\/categories?post=3461"},{"taxonomy":"post_tag","embeddable":true,"href":"https:\/\/amororaima.com.br\/index.php\/wp-json\/wp\/v2\/tags?post=3461"}],"curies":[{"name":"wp","href":"https:\/\/api.w.org\/{rel}","templated":true}]}}