{"id":3299,"date":"2024-11-26T14:25:00","date_gmt":"2024-11-26T17:25:00","guid":{"rendered":"https:\/\/amororaima.com.br\/?p=3299"},"modified":"2024-11-26T15:27:22","modified_gmt":"2024-11-26T18:27:22","slug":"essencial-deputados-aprovam-pl-para-garantir-fisioterapeutas-em-maternidades-de-roraima","status":"publish","type":"post","link":"https:\/\/amororaima.com.br\/index.php\/2024\/11\/26\/essencial-deputados-aprovam-pl-para-garantir-fisioterapeutas-em-maternidades-de-roraima\/","title":{"rendered":"\u2018Essencial\u2019: deputados aprovam PL para garantir fisioterapeutas em maternidades de Roraima"},"content":{"rendered":"\n<p>Os deputados estaduais aprovaram com 19 votos, nesta ter\u00e7a-feira (26), o Projeto de Lei (PL) n\u00ba 166\/2021, que garante a presen\u00e7a obrigat\u00f3ria de fisioterapeutas em maternidades e estabelecimentos hospitalares cong\u00eaneres, tanto na rede privada quanto p\u00fablica de Roraima.<\/p>\n\n\n\n<p>A proposta, de autoria da deputada estadual Tayla Peres (Republicanos), reconhece a fisioterapia como uma \u00e1rea da sa\u00fade essencial, com profissionais habilitados a realizar diagn\u00f3stico, tratamento e acompanhamento de altera\u00e7\u00f5es funcionais do movimento, especialmente no per\u00edodo pr\u00e9-natal, parto e puerp\u00e9rio.<\/p>\n\n\n\n<p><strong>Justificativa<\/strong><\/p>\n\n\n\n<p>Na justificativa do PL, a proponente destaca que a presen\u00e7a de fisioterapeutas em maternidades contribui para a diminui\u00e7\u00e3o de complica\u00e7\u00f5es como dores, edemas e dificuldades na amamenta\u00e7\u00e3o; melhoria da qualidade de vida tanto da m\u00e3e quanto do beb\u00ea, proporcionando mais conforto e bem-estar; e promo\u00e7\u00e3o do parto humanizado por meio do uso de t\u00e9cnicas que respeitam a fisiologia da mulher e fortalecem o v\u00ednculo m\u00e3e-filho.<\/p>\n\n\n\n<p>Se sancionada pelo governo, a lei garantir\u00e1 o servi\u00e7o em tempo integral nas unidades de sa\u00fade.<\/p>\n","protected":false},"excerpt":{"rendered":"<p>Os deputados estaduais aprovaram com 19 votos, nesta ter\u00e7a-feira (26), o Projeto de Lei (PL) n\u00ba 166\/2021, que garante a presen\u00e7a obrigat\u00f3ria de fisioterapeutas em maternidades e estabelecimentos hospitalares cong\u00eaneres, tanto na rede privada quanto p\u00fablica de Roraima. A proposta, de autoria da deputada estadual Tayla Peres (Republicanos), reconhece a fisioterapia como uma \u00e1rea da [&hellip;]<\/p>\n","protected":false},"author":123458,"featured_media":3300,"comment_status":"closed","ping_status":"closed","sticky":false,"template":"","format":"standard","meta":{"footnotes":""},"categories":[31,20,27],"tags":[71,1331,1330,494,1332],"class_list":["post-3299","post","type-post","status-publish","format-standard","has-post-thumbnail","hentry","category-politica","category-roraima","category-saude","tag-ale-rr","tag-fisioterapia","tag-maternidade","tag-projeto-de-lei","tag-redes-publica-e-privada"],"_links":{"self":[{"href":"https:\/\/amororaima.com.br\/index.php\/wp-json\/wp\/v2\/posts\/3299","targetHints":{"allow":["GET"]}}],"collection":[{"href":"https:\/\/amororaima.com.br\/index.php\/wp-json\/wp\/v2\/posts"}],"about":[{"href":"https:\/\/amororaima.com.br\/index.php\/wp-json\/wp\/v2\/types\/post"}],"author":[{"embeddable":true,"href":"https:\/\/amororaima.com.br\/index.php\/wp-json\/wp\/v2\/users\/123458"}],"replies":[{"embeddable":true,"href":"https:\/\/amororaima.com.br\/index.php\/wp-json\/wp\/v2\/comments?post=3299"}],"version-history":[{"count":1,"href":"https:\/\/amororaima.com.br\/index.php\/wp-json\/wp\/v2\/posts\/3299\/revisions"}],"predecessor-version":[{"id":3301,"href":"https:\/\/amororaima.com.br\/index.php\/wp-json\/wp\/v2\/posts\/3299\/revisions\/3301"}],"wp:featuredmedia":[{"embeddable":true,"href":"https:\/\/amororaima.com.br\/index.php\/wp-json\/wp\/v2\/media\/3300"}],"wp:attachment":[{"href":"https:\/\/amororaima.com.br\/index.php\/wp-json\/wp\/v2\/media?parent=3299"}],"wp:term":[{"taxonomy":"category","embeddable":true,"href":"https:\/\/amororaima.com.br\/index.php\/wp-json\/wp\/v2\/categories?post=3299"},{"taxonomy":"post_tag","embeddable":true,"href":"https:\/\/amororaima.com.br\/index.php\/wp-json\/wp\/v2\/tags?post=3299"}],"curies":[{"name":"wp","href":"https:\/\/api.w.org\/{rel}","templated":true}]}}